{"id":136208,"date":"2015-03-12T18:58:26","date_gmt":"2015-03-12T17:58:26","guid":{"rendered":"http:\/\/www.fuldaer-nachrichten.de\/?p=136208"},"modified":"2015-03-12T18:58:26","modified_gmt":"2015-03-12T17:58:26","slug":"lullusfest-2015-es-geht-hoch-hinaus","status":"publish","type":"post","link":"https:\/\/www.fuldaernachrichten.de\/?p=136208","title":{"rendered":"Lullusfest 2015 \u2013 Es geht hoch hinaus"},"content":{"rendered":"<p><a href=\"http:\/\/www.fuldaer-nachrichten.de\/wp-content\/uploads\/2015\/03\/skyfall_goetzke14.jpg\"><img decoding=\"async\" class=\"alignleft size-medium wp-image-136212\" src=\"http:\/\/www.fuldaer-nachrichten.de\/wp-content\/uploads\/2015\/03\/skyfall_goetzke14-177x265.jpg\" alt=\"skyfall_goetzke14\" width=\"177\" height=\"265\" srcset=\"https:\/\/www.fuldaernachrichten.de\/wp-content\/uploads\/2015\/03\/skyfall_goetzke14-177x265.jpg 177w, https:\/\/www.fuldaernachrichten.de\/wp-content\/uploads\/2015\/03\/skyfall_goetzke14-265x398.jpg 265w, https:\/\/www.fuldaernachrichten.de\/wp-content\/uploads\/2015\/03\/skyfall_goetzke14-400x600.jpg 400w, https:\/\/www.fuldaernachrichten.de\/wp-content\/uploads\/2015\/03\/skyfall_goetzke14.jpg 520w\" sizes=\"(max-width: 177px) 100vw, 177px\" \/><\/a>Vorfreude ist die sch\u00f6nste Freude! Auch wenn es\u00c2\u00a0 noch \u00fcber ein halbes Jahr dauert, wurden bereits jetzt die Schausteller f\u00fcr das Lullusfest vom 12. bis 19. Oktober ausgesucht. Zust\u00e4ndig f\u00fcr die Auswahl ist die Lullusfestkommission. Insgesamt sind 470 Bewerbungen eingegangen. Dies ist ein neuer Bewerberrekord!<\/p>\n<p>Neben rasanten High-Tech-Fahrgesch\u00e4ften liegt ein Schwerpunkt auf familienfreundlichen Attraktionen, die generations\u00fcbergreifend &#8211; von den Enkeln bis zu den Gro\u00dfeltern &#8211; ein gemeinsames Erlebnis m\u00f6glich machen. Auch das leibliche Wohl kommt nat\u00fcrlich nicht zu kurz.<\/p>\n<p>Jede Menge Neuheiten<\/p>\n<p>Optisches Highlight ist der h\u00f6chste transportable Freifall-Turm der Welt. Der \u201eSkyFall\u201c bietet neben einem fantastatischen Ausblick auf die Stadt, freien Fall aus 80 m H\u00f6he und ist damit rund 30 m h\u00f6her als die Stadtkirche.<\/p>\n<p>Ebenfalls jede Menge Action bietet der 41 m hohe Propeller \u201eJekyll &amp; Hyde\u201c, welcher mit einer Kraft von 4G beschleunigt und eine Spitzengeschwindigkeit von 125 km\/h erreicht.<\/p>\n<p>Gruselig wird es in der zweist\u00f6ckigen Geisterbahn \u201eFellerhoffs Geisterstadt\u201c, die neben einer imposanten Au\u00dfengestaltung mit einem schrecklich-sch\u00f6nen Innenleben beeindruckt.<\/p>\n<p>Spa\u00df und Abenteuer erwartet die Besucher im Laufgesch\u00e4ft \u201eFun Street\u201c. Auf zwei Etagen m\u00fcssen verschiedene Hindernisse durchlaufen werden.<\/p>\n<p>Au\u00dferdem auf dem Festplatz vertreten ist das Belustigungsgesch\u00e4ft OMNI, welches bei den Besuchern f\u00fcr Sinnest\u00e4uschungen sorgt. Weiterhin dabei ist der Breakdance , welcher zuletzt 2012 auf dem Lullusfest vertreten war sowie das Kultkarussell \u201eGaudi-Schunkler\u201c.<\/p>\n<p>Hier werden die \u201eKleinen\u201c gro\u00dfgeschrieben<\/p>\n<p>Neben den zwei bekannten Kinderkarussels steht f\u00fcr die kleinen Besucher des Lullusfestes der Kinder-Wellenflieger \u201eCinderella Wellenflug\u201c zur Verf\u00fcgung. Nicht nur optisches Highlight ist das nostalgische, denkmalgesch\u00fctze Riesenrad aus dem Jahr 1918. Wieder mit dabei ist au\u00dferdem der lustige Hubschrauber \u201eThe Flying Air Dance\u201c.<\/p>\n<p>F\u00fcr jeden Geschmack ist etwas dabei<\/p>\n<p>Auch im gastronomischen Bereich d\u00fcrfen sich die Besucher auf einige Neuerungen freuen. Es wird ein neues Festzelt geben, welches von Thomas Bronswyk, u. a. Betreiber der Festzelte auf dem Pfingstmarkt in Alsfeld und dem Sch\u00fctzenfest in Fulda, betrieben wird. Dar\u00fcber hinaus werden auf dem Festplatz weitere K\u00f6stlichkeiten wie z. B. Vegetarische Spezialit\u00e4ten, Franz\u00f6sischer Schafsk\u00e4se, Flammlachs sowie diverse S\u00fc\u00dfwaren angeboten.<\/p>\n<p>Am guten Alten wollen fest wir halten<\/p>\n<p>Selbstverst\u00e4ndlich sind so bekannte und bew\u00e4hrte Treffpunkte wie der Auto-Skooter, die Berg- &amp; Talbahn \u201eStarlight\u201c, sowie diverse Schie\u00df- und Wurfbuden wieder dabei.<\/p>\n<p>Die Aktion \u201eLolls ohne Prolls\u201c mit der Saftbar der Diakonie wird vor dem Linggdenkmal wieder die beliebten alkoholfreien Cocktails anbieten.<\/p>\n<p>Insgesamt werden 53 Betriebe auf dem traditionsreichen Heimatfest vertreten sein. Ihr Deb\u00fct geben 20 Unternehmen, elf werden im regelm\u00e4\u00dfigen oder unregelm\u00e4\u00dfigen Turnus zugelassen und 20 geh\u00f6ren zum festen Stamm. Damit sind gegen\u00fcber dem Vorjahr 58 % der zugelassenen Schausteller ausgetauscht worden. Damit bekommt der Platz ein v\u00f6llig neues Antlitz.<\/p>\n<p>Was die Besucher au\u00dferdem erwartet<\/p>\n<p>Die Aktion \u201eNur Flaschen machen Scherben\u201c soll in diesem Jahr fortgef\u00fchrt und weiter ausgebaut werden. Durch die Aktion wurden im vergangenen Jahr bereits 1,2 Tonnen weniger Scherben auf dem Festplatz verzeichnet! Wir sehen noch weitere Verbesserungsm\u00f6glichkeiten &#8211; unter anderem soll die umliegende Gastronomie st\u00e4rker in die Kampagne eingebunden werden.<\/p>\n<p>Auch der Festredner zur Feierstunde in der Stiftsruine steht bereits fest. \u201eHierf\u00fcr konnten wir Albert Ritter, Pr\u00e4sident des Deutschen Schaustellerbundes, gewinnen\u201c, freut sich Julia Scholz, Projektleiterin des Lullusfestes.<\/p>\n<p>Der Lollsfestzug 2015 steht in diesem Jahr unter dem Motto \u201eLolls im Wandel der Zeit\u201c. Insgesamt ist damit ein breiter Gestaltungsspielraum f\u00fcr kreative Beitr\u00e4ge gegeben. Wer schon Ideen f\u00fcr einen tollen Festzugbeitrag hat, ob Motivwagen oder Fu\u00dfgruppe, kann sich ab sofort beim st\u00e4dtischen Immobilienmanagement, Frau Anke K\u00f6ppen, Telefon 06621-201494, anmelden.<\/p>\n","protected":false},"excerpt":{"rendered":"<div class=\"tmnf_excerpt\"><p>Vorfreude ist die sch\u00f6nste Freude! Auch wenn es\u00c2\u00a0 noch \u00fcber ein halbes Jahr dauert, wurden bereits jetzt die Schausteller f\u00fcr das Lullusfest vom 12. bis 19. Oktober ausgesucht. Zust\u00e4ndig f\u00fcr die Auswahl ist die Lullusfestkommission. Insgesamt sind 470 Bewerbungen eingegangen. Dies ist ein neuer Bewerberrekord! Neben rasanten High-Tech-Fahrgesch\u00e4ften liegt ein Schwerpunkt auf familienfreundlichen Attraktionen, die &hellip;<\/p>\n<\/div>","protected":false},"author":1,"featured_media":136211,"comment_status":"closed","ping_status":"closed","sticky":false,"template":"","format":"standard","meta":{"footnotes":""},"categories":[1,44],"tags":[],"class_list":["post-136208","post","type-post","status-publish","format-standard","has-post-thumbnail","hentry","category-startseite","category-kultur"],"_links":{"self":[{"href":"https:\/\/www.fuldaernachrichten.de\/index.php?rest_route=\/wp\/v2\/posts\/136208","targetHints":{"allow":["GET"]}}],"collection":[{"href":"https:\/\/www.fuldaernachrichten.de\/index.php?rest_route=\/wp\/v2\/posts"}],"about":[{"href":"https:\/\/www.fuldaernachrichten.de\/index.php?rest_route=\/wp\/v2\/types\/post"}],"author":[{"embeddable":true,"href":"https:\/\/www.fuldaernachrichten.de\/index.php?rest_route=\/wp\/v2\/users\/1"}],"replies":[{"embeddable":true,"href":"https:\/\/www.fuldaernachrichten.de\/index.php?rest_route=%2Fwp%2Fv2%2Fcomments&post=136208"}],"version-history":[{"count":1,"href":"https:\/\/www.fuldaernachrichten.de\/index.php?rest_route=\/wp\/v2\/posts\/136208\/revisions"}],"predecessor-version":[{"id":136213,"href":"https:\/\/www.fuldaernachrichten.de\/index.php?rest_route=\/wp\/v2\/posts\/136208\/revisions\/136213"}],"wp:featuredmedia":[{"embeddable":true,"href":"https:\/\/www.fuldaernachrichten.de\/index.php?rest_route=\/wp\/v2\/media\/136211"}],"wp:attachment":[{"href":"https:\/\/www.fuldaernachrichten.de\/index.php?rest_route=%2Fwp%2Fv2%2Fmedia&parent=136208"}],"wp:term":[{"taxonomy":"category","embeddable":true,"href":"https:\/\/www.fuldaernachrichten.de\/index.php?rest_route=%2Fwp%2Fv2%2Fcategories&post=136208"},{"taxonomy":"post_tag","embeddable":true,"href":"https:\/\/www.fuldaernachrichten.de\/index.php?rest_route=%2Fwp%2Fv2%2Ftags&post=136208"}],"curies":[{"name":"wp","href":"https:\/\/api.w.org\/{rel}","templated":true}]}}