{"id":136163,"date":"2015-03-11T11:17:04","date_gmt":"2015-03-11T10:17:04","guid":{"rendered":"http:\/\/www.fuldaer-nachrichten.de\/?p=136163"},"modified":"2015-03-11T11:17:04","modified_gmt":"2015-03-11T10:17:04","slug":"ob-kandidatin-birgit-koempel-moniert-radwegenetz-fehlende-ausschilderung-und-zu-wenige-stellplaetze","status":"publish","type":"post","link":"https:\/\/www.fuldaernachrichten.de\/?p=136163","title":{"rendered":"OB-Kandidatin Birgit K\u00f6mpel moniert Radwegenetz, fehlende Ausschilderung und zu wenige Stellpl\u00e4tze"},"content":{"rendered":"<p>\u201eDas Radfahren muss in Fulda attraktiver werden\u201c, sagt Birgit K\u00f6mpel, SPD-Kandidatin f\u00fcr das Amt der Fuldaer Oberb\u00fcrgermeisterin.  Die Zahl der Menschen, die mit dem Rad unterwegs seien, steige stetig.  Dies sei nicht zuletzt eine Folge des E-Bike-Booms, der Radfahren auch \u00e4lteren Menschen keine gr\u00f6\u00dferen M\u00fchen mehr bereite. \u201eDarauf muss die Stadt reagieren\u201c, sagt K\u00f6mpel, die Radfahren in Fulda an vielen Stellen f\u00fcr \u201esehr gef\u00e4hrlich\u201c erachtet. Als Beispiele nennt sie die Leipziger Stra\u00dfe oder auch die Rangstra\u00dfe in H\u00f6he des fr\u00fcheren Mediamarktes.<br \/>\n\u201eEs gibt viele Radwege, die enden abrupt. Oder es gibt gar keine, besonders in den Hauptverkehrsstra\u00dfen.  Wer von au\u00dfen nach Fulda reinf\u00e4hrt oder die Stadt durchkreuzt, wird das schnell feststellen. Und selbst wenn Teile eines Radweges vorhanden sind, sind diese meist im schlechten Zustand. Ich w\u00fcrde ein eigenes Radwegeprogramm auflegen\u201c, sagt K\u00f6mpel.<\/p>\n<p>Kritisch betrachtet K\u00f6mpel auch die schlechte Ausschilderung sowie die fehlenden Stellpl\u00e4tze. \u201eWo zum Beispiel kann ein Pendler, der mit dem Rad zum Bahnhof f\u00e4hrt, sein Gef\u00e4hrt abstellen. Da sind andere St\u00e4dte Fulda weit voraus, dort wurden M\u00f6glichkeiten geschaffen\u201c, sagt K\u00f6mpel. <\/p>\n<p> \u201eDer Radtourismus steigt stetig. Unsere Stadt muss darauf reagieren, zumal drei \u00fcberregionale Radwege sich hier kreuzen. Die Marketingaktivit\u00e4ten sollten ebenso erh\u00f6ht werden wie die \u00dcbernachtungsm\u00f6glichkeiten\u201c, sagt K\u00f6mpel. Hotels und Pensionen k\u00f6nnten mit einem passenden Angebot ihre Auslastung erh\u00f6hen. Die Stadt sollte dabei unterst\u00fctzend t\u00e4tig werden, erkl\u00e4rt die OB-Kandidatin.<\/p>\n<p>\u201eIn Fulda muss das Radfahren mehr Bedeutung bekommen. Daf\u00fcr stehe ich\u201c, sagt K\u00f6mpel, die am 15. M\u00e4rz zur ersten Oberb\u00fcrgermeisterin Fuldas gew\u00e4hlt werden will. <\/p>\n","protected":false},"excerpt":{"rendered":"<div class=\"tmnf_excerpt\"><p>\u201eDas Radfahren muss in Fulda attraktiver werden\u201c, sagt Birgit K\u00f6mpel, SPD-Kandidatin f\u00fcr das Amt der Fuldaer Oberb\u00fcrgermeisterin. Die Zahl der Menschen, die mit dem Rad unterwegs seien, steige stetig. Dies sei nicht zuletzt eine Folge des E-Bike-Booms, der Radfahren auch \u00e4lteren Menschen keine gr\u00f6\u00dferen M\u00fchen mehr bereite. \u201eDarauf muss die Stadt reagieren\u201c, sagt K\u00f6mpel, die &hellip;<\/p>\n<\/div>","protected":false},"author":1,"featured_media":136168,"comment_status":"closed","ping_status":"closed","sticky":false,"template":"","format":"standard","meta":{"footnotes":""},"categories":[1,35,29],"tags":[],"class_list":["post-136163","post","type-post","status-publish","format-standard","has-post-thumbnail","hentry","category-startseite","category-auto","category-politik"],"_links":{"self":[{"href":"https:\/\/www.fuldaernachrichten.de\/index.php?rest_route=\/wp\/v2\/posts\/136163","targetHints":{"allow":["GET"]}}],"collection":[{"href":"https:\/\/www.fuldaernachrichten.de\/index.php?rest_route=\/wp\/v2\/posts"}],"about":[{"href":"https:\/\/www.fuldaernachrichten.de\/index.php?rest_route=\/wp\/v2\/types\/post"}],"author":[{"embeddable":true,"href":"https:\/\/www.fuldaernachrichten.de\/index.php?rest_route=\/wp\/v2\/users\/1"}],"replies":[{"embeddable":true,"href":"https:\/\/www.fuldaernachrichten.de\/index.php?rest_route=%2Fwp%2Fv2%2Fcomments&post=136163"}],"version-history":[{"count":1,"href":"https:\/\/www.fuldaernachrichten.de\/index.php?rest_route=\/wp\/v2\/posts\/136163\/revisions"}],"predecessor-version":[{"id":136169,"href":"https:\/\/www.fuldaernachrichten.de\/index.php?rest_route=\/wp\/v2\/posts\/136163\/revisions\/136169"}],"wp:featuredmedia":[{"embeddable":true,"href":"https:\/\/www.fuldaernachrichten.de\/index.php?rest_route=\/wp\/v2\/media\/136168"}],"wp:attachment":[{"href":"https:\/\/www.fuldaernachrichten.de\/index.php?rest_route=%2Fwp%2Fv2%2Fmedia&parent=136163"}],"wp:term":[{"taxonomy":"category","embeddable":true,"href":"https:\/\/www.fuldaernachrichten.de\/index.php?rest_route=%2Fwp%2Fv2%2Fcategories&post=136163"},{"taxonomy":"post_tag","embeddable":true,"href":"https:\/\/www.fuldaernachrichten.de\/index.php?rest_route=%2Fwp%2Fv2%2Ftags&post=136163"}],"curies":[{"name":"wp","href":"https:\/\/api.w.org\/{rel}","templated":true}]}}