{"id":136161,"date":"2015-03-11T11:16:05","date_gmt":"2015-03-11T10:16:05","guid":{"rendered":"http:\/\/www.fuldaer-nachrichten.de\/?p=136161"},"modified":"2015-03-11T11:16:05","modified_gmt":"2015-03-11T10:16:05","slug":"finale-der-atzert-weber-speed4-meisterschaft-fulda-2015","status":"publish","type":"post","link":"https:\/\/www.fuldaernachrichten.de\/?p=136161","title":{"rendered":"Finale der Atzert &#038; Weber speed4-Meisterschaft Fulda 2015"},"content":{"rendered":"<p><a href=\"http:\/\/www.fuldaer-nachrichten.de\/wp-content\/uploads\/2015\/03\/speed4-III.jpg\"><img fetchpriority=\"high\" decoding=\"async\" src=\"http:\/\/www.fuldaer-nachrichten.de\/wp-content\/uploads\/2015\/03\/speed4-III-265x199.jpg\" alt=\"speed4 III\" width=\"265\" height=\"199\" class=\"alignleft size-medium wp-image-136165\" srcset=\"https:\/\/www.fuldaernachrichten.de\/wp-content\/uploads\/2015\/03\/speed4-III-265x199.jpg 265w, https:\/\/www.fuldaernachrichten.de\/wp-content\/uploads\/2015\/03\/speed4-III-600x450.jpg 600w, https:\/\/www.fuldaernachrichten.de\/wp-content\/uploads\/2015\/03\/speed4-III.jpg 900w\" sizes=\"(max-width: 265px) 100vw, 265px\" \/><\/a>Am Samstag steht das Finale der Atzert &#038; Weber speed4-Meisterschaft Fulda 2015 bevor. Speedy, der wohl schnellste Hase der Welt, ist natu\u00cc\u02c6rlich auch dabei, wenn es hei\u00dft, Kinder mit Spa\u00df in Bewegung zu bringen. Unter seinem kra\u00cc\u02c6ftigen Applaus und den Anfeuerungsrufen der Familien geht es ab 10:00 Uhr im Volkswagen-Zentrum Atzert &#038; Weber los. Beim Finale der Atzert &#038; Weber speed4- Meisterschaft ko\u00cc\u02c6nnen die Kinder dann zeigen, wofu\u00cc\u02c6r sie sich unter der Woche im Sportunterricht gut vorbereitet haben. Neben seiner Frohnatur und seinem kuscheligen Fell, verra\u00cc\u02c6t Speedy auf der Homepage der speed4-Meisterschaft (www.speed4.de) auch noch einige Spitzentipps zur Erna\u00cc\u02c6hrung, Konzentration und Training, so dass sich die Kinder optimal auf die Finalla\u00cc\u02c6ufe vorbereiten ko\u00cc\u02c6nnen. Selbstversta\u00cc\u02c6ndlich steht das speed4-Maskottchen auch fu\u00cc\u02c6r Fotowu\u00cc\u02c6nsche gerne bereit.<\/p>\n<p>Wie werden die Kinder begeistert?<br \/>\nHinter speed4 verbirgt sich ein Laufparcours, der u\u00cc\u02c6ber ein computergesteuertes Lichtschrankensystem eine genaue Messung verschiedener Laufdaten erlaubt. Die Kinder schauen dabei auf eine Ampel, welche die Richtung des Laufweges vorgibt und somit Konzentration abverlangt. Der Laufweg selbst fu\u00cc\u02c6hrt etwa acht Meter gerade aus, bevor an einer Wendemarke der Ru\u00cc\u02c6ckweg im Slalom beginnt. Direkt nach dem Zieleinlauf werden die Laufergebnisse ausgedruckt und ko\u00cc\u02c6nnen verglichen werden. Aufgrund der einfachen Handhabung, der leichten Vergleichbarkeit und der individuellen Verbesserungen werden spielerisch positive Resonanzen hervorgerufen und jedes Kind individuell gefo\u00cc\u02c6rdert. Der Spa\u00df steht dabei jedoch stets im Vordergrund.<\/p>\n<p>Die Atzert &#038; Weber speed4-Meisterschaft Fulda 2015 wird unterstu\u00cc\u02c6tzt von: Volkswagen- Zentrum Fulda Atzert &#038; Weber, Fo\u00cc\u02c6rstina-Sprudel Mineral- und Heilquelle Ehrhardt &#038; Sohn GmbH &#038; Co., GALERIA Kaufhof Fulda, Sporthaus Marquardt OHG, Takka-Tukka Abenteuerland, reisewelt Teiser &#038; Hu\u00cc\u02c6ter GmbH, TSV Lehnerz 1965 e.V. sowie der \u201eBallschule Heidelberg&#8221;. Dank der Unterstu\u00cc\u02c6tzung der speed4-Sportfo\u00cc\u02c6rderpartner ist die Teilnahme fu\u00cc\u02c6r alle Schulen zu 100% kostenlos.<\/p>\n<p>Finale der Atzert &#038; Weber speed4-Meisterschaft Fulda 2015 am im Ablauf:<\/p>\n<p>Samstag, den 14. Ma\u00cc\u02c6rz 2015, ab 10:00 Uhr<br \/>\nVolkswagen-Zentrum Atzert &#038; Weber, Leipziger Stra\u00dfe 151, 36039 Fulda<\/p>\n<p>10:30 Uhr Finale 1. Klassen<br \/>\n11:30 Uhr Finale 2. Klassen<br \/>\n13:00 Uhr Finale 3. Klassen<br \/>\n14:00 Uhr Finale 4. Klassen<\/p>\n<p>Die Siegerehrungen finden jeweils im Anschluss an die Finalla\u00cc\u02c6ufe der einzelnen Klassenstufen statt.<\/p>\n","protected":false},"excerpt":{"rendered":"<div class=\"tmnf_excerpt\"><p>Am Samstag steht das Finale der Atzert &#038; Weber speed4-Meisterschaft Fulda 2015 bevor. Speedy, der wohl schnellste Hase der Welt, ist natu\u00cc\u02c6rlich auch dabei, wenn es hei\u00dft, Kinder mit Spa\u00df in Bewegung zu bringen. Unter seinem kra\u00cc\u02c6ftigen Applaus und den Anfeuerungsrufen der Familien geht es ab 10:00 Uhr im Volkswagen-Zentrum Atzert &#038; Weber los. Beim &hellip;<\/p>\n<\/div>","protected":false},"author":1,"featured_media":136164,"comment_status":"closed","ping_status":"closed","sticky":false,"template":"","format":"standard","meta":{"footnotes":""},"categories":[1,72],"tags":[],"class_list":["post-136161","post","type-post","status-publish","format-standard","has-post-thumbnail","hentry","category-startseite","category-jugend"],"_links":{"self":[{"href":"https:\/\/www.fuldaernachrichten.de\/index.php?rest_route=\/wp\/v2\/posts\/136161","targetHints":{"allow":["GET"]}}],"collection":[{"href":"https:\/\/www.fuldaernachrichten.de\/index.php?rest_route=\/wp\/v2\/posts"}],"about":[{"href":"https:\/\/www.fuldaernachrichten.de\/index.php?rest_route=\/wp\/v2\/types\/post"}],"author":[{"embeddable":true,"href":"https:\/\/www.fuldaernachrichten.de\/index.php?rest_route=\/wp\/v2\/users\/1"}],"replies":[{"embeddable":true,"href":"https:\/\/www.fuldaernachrichten.de\/index.php?rest_route=%2Fwp%2Fv2%2Fcomments&post=136161"}],"version-history":[{"count":1,"href":"https:\/\/www.fuldaernachrichten.de\/index.php?rest_route=\/wp\/v2\/posts\/136161\/revisions"}],"predecessor-version":[{"id":136166,"href":"https:\/\/www.fuldaernachrichten.de\/index.php?rest_route=\/wp\/v2\/posts\/136161\/revisions\/136166"}],"wp:featuredmedia":[{"embeddable":true,"href":"https:\/\/www.fuldaernachrichten.de\/index.php?rest_route=\/wp\/v2\/media\/136164"}],"wp:attachment":[{"href":"https:\/\/www.fuldaernachrichten.de\/index.php?rest_route=%2Fwp%2Fv2%2Fmedia&parent=136161"}],"wp:term":[{"taxonomy":"category","embeddable":true,"href":"https:\/\/www.fuldaernachrichten.de\/index.php?rest_route=%2Fwp%2Fv2%2Fcategories&post=136161"},{"taxonomy":"post_tag","embeddable":true,"href":"https:\/\/www.fuldaernachrichten.de\/index.php?rest_route=%2Fwp%2Fv2%2Ftags&post=136161"}],"curies":[{"name":"wp","href":"https:\/\/api.w.org\/{rel}","templated":true}]}}