{"id":136105,"date":"2015-03-10T14:02:50","date_gmt":"2015-03-10T13:02:50","guid":{"rendered":"http:\/\/www.fuldaer-nachrichten.de\/?p=136105"},"modified":"2015-03-10T14:02:59","modified_gmt":"2015-03-10T13:02:59","slug":"sieben-bis-zehn-jahre-alt-dann-auf-zur-osterfreizeit-in-landenhausen","status":"publish","type":"post","link":"https:\/\/www.fuldaernachrichten.de\/?p=136105","title":{"rendered":"Sieben bis zehn Jahre alt: Dann auf zur Osterfreizeit in Landenhausen"},"content":{"rendered":"<p>In der zweiten Osterferienwoche bietet das Jugendamt des Vogelsbergkreises eine Kinderfreizeit im Kreisjugendheim in Landenhausen an. Die Zielgruppe: Kinder im Alter von sieben bis zehn Jahre. Es wird gebastelt, gemalt und gespielt. Nat\u00fcrlich wird auch das weitl\u00e4ufige Au\u00dfengel\u00e4nde und den angrenzenden Wald genutzt, um dort zu wandern und andere Outdoor-Aktivit\u00e4ten zu gestalten. Vielleicht l\u00e4uft dabei auch der Osterhase den Kindern \u00fcber den Weg\u00e2\u20ac\u00a6 Die Freizeit findet statt vom 6. Bis 10. April. Kosten 120 Euro. Informationen gibt es hier: 0641\/977-428 oder 977-443.<\/p>\n","protected":false},"excerpt":{"rendered":"<div class=\"tmnf_excerpt\"><p>In der zweiten Osterferienwoche bietet das Jugendamt des Vogelsbergkreises eine Kinderfreizeit im Kreisjugendheim in Landenhausen an. Die Zielgruppe: Kinder im Alter von sieben bis zehn Jahre. Es wird gebastelt, gemalt und gespielt. Nat\u00fcrlich wird auch das weitl\u00e4ufige Au\u00dfengel\u00e4nde und den angrenzenden Wald genutzt, um dort zu wandern und andere Outdoor-Aktivit\u00e4ten zu gestalten. Vielleicht l\u00e4uft dabei &hellip;<\/p>\n<\/div>","protected":false},"author":1,"featured_media":0,"comment_status":"closed","ping_status":"closed","sticky":false,"template":"","format":"standard","meta":{"footnotes":""},"categories":[1,72],"tags":[],"class_list":["post-136105","post","type-post","status-publish","format-standard","hentry","category-startseite","category-jugend"],"_links":{"self":[{"href":"https:\/\/www.fuldaernachrichten.de\/index.php?rest_route=\/wp\/v2\/posts\/136105","targetHints":{"allow":["GET"]}}],"collection":[{"href":"https:\/\/www.fuldaernachrichten.de\/index.php?rest_route=\/wp\/v2\/posts"}],"about":[{"href":"https:\/\/www.fuldaernachrichten.de\/index.php?rest_route=\/wp\/v2\/types\/post"}],"author":[{"embeddable":true,"href":"https:\/\/www.fuldaernachrichten.de\/index.php?rest_route=\/wp\/v2\/users\/1"}],"replies":[{"embeddable":true,"href":"https:\/\/www.fuldaernachrichten.de\/index.php?rest_route=%2Fwp%2Fv2%2Fcomments&post=136105"}],"version-history":[{"count":1,"href":"https:\/\/www.fuldaernachrichten.de\/index.php?rest_route=\/wp\/v2\/posts\/136105\/revisions"}],"predecessor-version":[{"id":136108,"href":"https:\/\/www.fuldaernachrichten.de\/index.php?rest_route=\/wp\/v2\/posts\/136105\/revisions\/136108"}],"wp:attachment":[{"href":"https:\/\/www.fuldaernachrichten.de\/index.php?rest_route=%2Fwp%2Fv2%2Fmedia&parent=136105"}],"wp:term":[{"taxonomy":"category","embeddable":true,"href":"https:\/\/www.fuldaernachrichten.de\/index.php?rest_route=%2Fwp%2Fv2%2Fcategories&post=136105"},{"taxonomy":"post_tag","embeddable":true,"href":"https:\/\/www.fuldaernachrichten.de\/index.php?rest_route=%2Fwp%2Fv2%2Ftags&post=136105"}],"curies":[{"name":"wp","href":"https:\/\/api.w.org\/{rel}","templated":true}]}}