{"id":136097,"date":"2015-03-10T12:58:33","date_gmt":"2015-03-10T11:58:33","guid":{"rendered":"http:\/\/www.fuldaer-nachrichten.de\/?p=136097"},"modified":"2015-03-10T12:58:33","modified_gmt":"2015-03-10T11:58:33","slug":"awo-informationsveranstaltung-elternunterhalt-am-mi-18-03-2015","status":"publish","type":"post","link":"https:\/\/www.fuldaernachrichten.de\/?p=136097","title":{"rendered":"AWO Informationsveranstaltung \u00e2\u20ac\u0161Elternunterhalt\u00e2\u20ac\u2122 am Mi. 18.03.2015"},"content":{"rendered":"<p>Das Thema Elternunterhalt spielt nach wie vor eine gro\u00dfe Rolle, wenn es um die Frage der Heimunterbringung der Eltern geht \u2013 zumal die Sozialhilfetr\u00e4ger Unterhaltsanspr\u00fcche deutlich nachhaltiger als fr\u00fcher verfolgen. Es wird ein \u00dcberblick \u00fcber die neuesten rechtlichen Entwicklungen gegeben. Auch werden Fragen der typischerweise zwischen Eltern und Kindern geschlossenen \u00dcberlassungsvertr\u00e4ge besprochen.<\/p>\n<p>Die Veranstaltung richtet sich insbesondere an Personen, die ehrenamtlich eine rechtliche Betreuung f\u00fchren, an Inhaber einer Vorsorgevollmacht, an Menschen, die sich um die Angelegenheiten ihrer Angeh\u00f6rigen k\u00fcmmern und sonstige interessierte Personen. Die Teilnahme ist kostenfrei.<\/p>\n<p>Eine Anmeldung zur Teilnahme ist erforderlich: Telefon: 0661-480045-32 oder eMail an verwaltungBV@awo-fulda.de<\/p>\n","protected":false},"excerpt":{"rendered":"<div class=\"tmnf_excerpt\"><p>Das Thema Elternunterhalt spielt nach wie vor eine gro\u00dfe Rolle, wenn es um die Frage der Heimunterbringung der Eltern geht \u2013 zumal die Sozialhilfetr\u00e4ger Unterhaltsanspr\u00fcche deutlich nachhaltiger als fr\u00fcher verfolgen. Es wird ein \u00dcberblick \u00fcber die neuesten rechtlichen Entwicklungen gegeben. Auch werden Fragen der typischerweise zwischen Eltern und Kindern geschlossenen \u00dcberlassungsvertr\u00e4ge besprochen. Die Veranstaltung richtet &hellip;<\/p>\n<\/div>","protected":false},"author":1,"featured_media":0,"comment_status":"closed","ping_status":"closed","sticky":false,"template":"","format":"standard","meta":{"footnotes":""},"categories":[1,51,72],"tags":[],"class_list":["post-136097","post","type-post","status-publish","format-standard","hentry","category-startseite","category-medizin","category-jugend"],"_links":{"self":[{"href":"https:\/\/www.fuldaernachrichten.de\/index.php?rest_route=\/wp\/v2\/posts\/136097","targetHints":{"allow":["GET"]}}],"collection":[{"href":"https:\/\/www.fuldaernachrichten.de\/index.php?rest_route=\/wp\/v2\/posts"}],"about":[{"href":"https:\/\/www.fuldaernachrichten.de\/index.php?rest_route=\/wp\/v2\/types\/post"}],"author":[{"embeddable":true,"href":"https:\/\/www.fuldaernachrichten.de\/index.php?rest_route=\/wp\/v2\/users\/1"}],"replies":[{"embeddable":true,"href":"https:\/\/www.fuldaernachrichten.de\/index.php?rest_route=%2Fwp%2Fv2%2Fcomments&post=136097"}],"version-history":[{"count":1,"href":"https:\/\/www.fuldaernachrichten.de\/index.php?rest_route=\/wp\/v2\/posts\/136097\/revisions"}],"predecessor-version":[{"id":136100,"href":"https:\/\/www.fuldaernachrichten.de\/index.php?rest_route=\/wp\/v2\/posts\/136097\/revisions\/136100"}],"wp:attachment":[{"href":"https:\/\/www.fuldaernachrichten.de\/index.php?rest_route=%2Fwp%2Fv2%2Fmedia&parent=136097"}],"wp:term":[{"taxonomy":"category","embeddable":true,"href":"https:\/\/www.fuldaernachrichten.de\/index.php?rest_route=%2Fwp%2Fv2%2Fcategories&post=136097"},{"taxonomy":"post_tag","embeddable":true,"href":"https:\/\/www.fuldaernachrichten.de\/index.php?rest_route=%2Fwp%2Fv2%2Ftags&post=136097"}],"curies":[{"name":"wp","href":"https:\/\/api.w.org\/{rel}","templated":true}]}}