{"id":13609,"date":"2008-11-09T00:12:05","date_gmt":"2008-11-08T23:12:05","guid":{"rendered":"http:\/\/www.schoene-nachrichten.de\/?p=13609"},"modified":"2008-11-09T09:21:21","modified_gmt":"2008-11-09T08:21:21","slug":"chat-fuer-studieninteressierte","status":"publish","type":"post","link":"https:\/\/www.fuldaernachrichten.de\/?p=13609","title":{"rendered":"Chat f\u00fcr Studieninteressierte"},"content":{"rendered":"<p><strong>Fulda.<\/strong> Schon ab dem ersten Tag an der Hochschule kann man den Berufseinstieg vorbereiten und die Weichen f\u00fcr die k\u00fcnftige Karriere stellen. Wie das geht beantworten Experten am 12. November von 16 bis 17:30 Uhr im abi-chat der Bundesagentur f\u00fcr Arbeit unter <a href=\"http:\/\/chat.abi.de\" target=\"_blank\">http:\/\/chat.abi.de<\/a>. Berufsberater der Bundesagentur f\u00fcr Arbeit, Experten aus dem Hochschulbereich (Career Service, Mentoring-Programm) sowie Mitarbeiter aus studentischen Initiativen geben Tipps und Informationen rund um das Thema &#8220;Wie baue ich mein Studium arbeitsmarktorientiert auf?&#8221;.<!--more--><\/p>\n<p><strong>Von Fachkenntnissen bis Soft Skills<\/strong><\/p>\n<p>F\u00fcr einen reibungslosen \u00dcbergang von der Hochschule in den Beruf sind nicht nur Fachkenntnisse, sondern oft auch praktische Erfahrungen, Soft Skills, Sprachkenntnisse und vieles mehr von Vorteil. Arbeitgeber sch\u00e4tzen Absolventen, die bereits w\u00e4hrend des Studiums berufsrelevante Erfahrungen gesammelt haben. Aber wie kann man schon im Studium die Anforderungen des Arbeitsmarktes ber\u00fccksichtigen? Sich mit der Wahl der Studien-Schwerpunkte in eine zukunftsorientierte berufliche Richtung zu orientieren ist eine, die Mitarbeit in studentischen Initiativen beispielsweise eine andere M\u00f6glichkeit. Welche weiteren Instrumente es gibt und wie man am besten damit umgeht, k\u00f6nnen Studieninteressierte am 12. November 2008 im abi-Chat fragen. Um teilzunehmen gen\u00fcgt es, sich um 16 Uhr unter <a href=\"http:\/\/chat.abi.de\" target=\"_blank\">http:\/\/chat.abi.de<\/a> einzuloggen und die Fragen im Chatraum zu stellen. Interessierte, die zum angegebenen Termin keine Zeit haben, k\u00f6nnen ihre Fragen vorab an die Redaktion richten (redaktion@abi.de) und die Antworten im Chatprotokoll nachlesen, das online ver\u00f6ffentlicht wird. Mit dem Portal und dem begleitenden Magazin &#8220;abi&gt;&gt;dein Weg in Studium und Beruf&#8221; informiert die Bundesagentur f\u00fcr Arbeit Sch\u00fclerinnen und Sch\u00fcler zu Fragen der Studienwahl und Berufsentscheidung, zu Chancen auf dem Arbeitsmarkt und \u00fcber Trends in der Berufswelt.<\/p>\n<p><strong>Kontakt:<\/strong> redaktion@abi.de<\/p>\n","protected":false},"excerpt":{"rendered":"<div class=\"tmnf_excerpt\"><p>Fulda. Schon ab dem ersten Tag an der Hochschule kann man den Berufseinstieg vorbereiten und die Weichen f\u00fcr die k\u00fcnftige Karriere stellen. Wie das geht beantworten Experten am 12. November von 16 bis 17:30 Uhr im abi-chat der Bundesagentur f\u00fcr Arbeit unter http:\/\/chat.abi.de. Berufsberater der Bundesagentur f\u00fcr Arbeit, Experten aus dem Hochschulbereich (Career Service, Mentoring-Programm) &hellip;<\/p>\n<\/div>","protected":false},"author":1,"featured_media":0,"comment_status":"closed","ping_status":"closed","sticky":false,"template":"","format":"standard","meta":{"footnotes":""},"categories":[1,53,72,48],"tags":[],"class_list":["post-13609","post","type-post","status-publish","format-standard","hentry","category-startseite","category-bildung","category-jugend","category-forschung"],"_links":{"self":[{"href":"https:\/\/www.fuldaernachrichten.de\/index.php?rest_route=\/wp\/v2\/posts\/13609","targetHints":{"allow":["GET"]}}],"collection":[{"href":"https:\/\/www.fuldaernachrichten.de\/index.php?rest_route=\/wp\/v2\/posts"}],"about":[{"href":"https:\/\/www.fuldaernachrichten.de\/index.php?rest_route=\/wp\/v2\/types\/post"}],"author":[{"embeddable":true,"href":"https:\/\/www.fuldaernachrichten.de\/index.php?rest_route=\/wp\/v2\/users\/1"}],"replies":[{"embeddable":true,"href":"https:\/\/www.fuldaernachrichten.de\/index.php?rest_route=%2Fwp%2Fv2%2Fcomments&post=13609"}],"version-history":[{"count":2,"href":"https:\/\/www.fuldaernachrichten.de\/index.php?rest_route=\/wp\/v2\/posts\/13609\/revisions"}],"predecessor-version":[{"id":13651,"href":"https:\/\/www.fuldaernachrichten.de\/index.php?rest_route=\/wp\/v2\/posts\/13609\/revisions\/13651"}],"wp:attachment":[{"href":"https:\/\/www.fuldaernachrichten.de\/index.php?rest_route=%2Fwp%2Fv2%2Fmedia&parent=13609"}],"wp:term":[{"taxonomy":"category","embeddable":true,"href":"https:\/\/www.fuldaernachrichten.de\/index.php?rest_route=%2Fwp%2Fv2%2Fcategories&post=13609"},{"taxonomy":"post_tag","embeddable":true,"href":"https:\/\/www.fuldaernachrichten.de\/index.php?rest_route=%2Fwp%2Fv2%2Ftags&post=13609"}],"curies":[{"name":"wp","href":"https:\/\/api.w.org\/{rel}","templated":true}]}}