{"id":136067,"date":"2015-03-09T17:40:00","date_gmt":"2015-03-09T16:40:00","guid":{"rendered":"http:\/\/www.fuldaer-nachrichten.de\/?p=136067"},"modified":"2015-03-09T17:40:00","modified_gmt":"2015-03-09T16:40:00","slug":"ausstellung-dem-himmel-so-nah-dorfkirchen-im-oberen-ulstertal","status":"publish","type":"post","link":"https:\/\/www.fuldaernachrichten.de\/?p=136067","title":{"rendered":"Ausstellung \u201eDem Himmel so nah!\u201c Dorfkirchen im Oberen Ulstertal"},"content":{"rendered":"<p>Schon immer besch\u00e4ftigt die Menschen die Frage wie es wohl im Himmel aussieht. Im Inneren einer Kirche kommen Ewigkeit und Zeitlichkeit, Menschliches und G\u00f6ttliches zusammen. Dieser Raum ist begrenzt und dennoch offen f\u00fcr Unendlichkeit. Es hat an der Weite des Himmels teil und ist doch offen f\u00fcr Unendlichkeit. In einer barocken Kirche k\u00f6nnen Deckengem\u00e4lde den Blick in den Himmel \u00f6ffnen. <\/p>\n<p>Eine Gemeinschaftsausstellung der Rh\u00f6ner K\u00fcnstlerinnen Doris Reim, Gerda Wessel und Carola Nicolaus stellt mit gro\u00dfformatigen Fotos, Gem\u00e4lden, Skulpturen und poetischen Texten einige der sch\u00f6nsten, barocken Dorfkirchen des Oberen Ulstertales vor. Die Ausstellung wird am 29. M\u00e4rz 2015 um 15 Uhr mit einer kleinen Feierstunde er\u00f6ffnet und ist bis zum 02. Mai 2015 im Naturmuseum Tann (Rh\u00f6n) zu bewundern. Weitere Informationen \u00fcber \u00d6ffnungszeiten und Eintrittspreise erh\u00e4lt man unter www.tann-rhoen.de oder \u00fcber die Touristinformation Tann (Rh\u00f6n), Telefon 06682\/9611-11.<\/p>\n","protected":false},"excerpt":{"rendered":"<div class=\"tmnf_excerpt\"><p>Schon immer besch\u00e4ftigt die Menschen die Frage wie es wohl im Himmel aussieht. Im Inneren einer Kirche kommen Ewigkeit und Zeitlichkeit, Menschliches und G\u00f6ttliches zusammen. Dieser Raum ist begrenzt und dennoch offen f\u00fcr Unendlichkeit. Es hat an der Weite des Himmels teil und ist doch offen f\u00fcr Unendlichkeit. In einer barocken Kirche k\u00f6nnen Deckengem\u00e4lde den &hellip;<\/p>\n<\/div>","protected":false},"author":1,"featured_media":136068,"comment_status":"closed","ping_status":"closed","sticky":false,"template":"","format":"standard","meta":{"footnotes":""},"categories":[1,50],"tags":[],"class_list":["post-136067","post","type-post","status-publish","format-standard","has-post-thumbnail","hentry","category-startseite","category-kirche"],"_links":{"self":[{"href":"https:\/\/www.fuldaernachrichten.de\/index.php?rest_route=\/wp\/v2\/posts\/136067","targetHints":{"allow":["GET"]}}],"collection":[{"href":"https:\/\/www.fuldaernachrichten.de\/index.php?rest_route=\/wp\/v2\/posts"}],"about":[{"href":"https:\/\/www.fuldaernachrichten.de\/index.php?rest_route=\/wp\/v2\/types\/post"}],"author":[{"embeddable":true,"href":"https:\/\/www.fuldaernachrichten.de\/index.php?rest_route=\/wp\/v2\/users\/1"}],"replies":[{"embeddable":true,"href":"https:\/\/www.fuldaernachrichten.de\/index.php?rest_route=%2Fwp%2Fv2%2Fcomments&post=136067"}],"version-history":[{"count":1,"href":"https:\/\/www.fuldaernachrichten.de\/index.php?rest_route=\/wp\/v2\/posts\/136067\/revisions"}],"predecessor-version":[{"id":136069,"href":"https:\/\/www.fuldaernachrichten.de\/index.php?rest_route=\/wp\/v2\/posts\/136067\/revisions\/136069"}],"wp:featuredmedia":[{"embeddable":true,"href":"https:\/\/www.fuldaernachrichten.de\/index.php?rest_route=\/wp\/v2\/media\/136068"}],"wp:attachment":[{"href":"https:\/\/www.fuldaernachrichten.de\/index.php?rest_route=%2Fwp%2Fv2%2Fmedia&parent=136067"}],"wp:term":[{"taxonomy":"category","embeddable":true,"href":"https:\/\/www.fuldaernachrichten.de\/index.php?rest_route=%2Fwp%2Fv2%2Fcategories&post=136067"},{"taxonomy":"post_tag","embeddable":true,"href":"https:\/\/www.fuldaernachrichten.de\/index.php?rest_route=%2Fwp%2Fv2%2Ftags&post=136067"}],"curies":[{"name":"wp","href":"https:\/\/api.w.org\/{rel}","templated":true}]}}