{"id":136041,"date":"2015-03-09T17:33:07","date_gmt":"2015-03-09T16:33:07","guid":{"rendered":"http:\/\/www.fuldaer-nachrichten.de\/?p=136041"},"modified":"2015-03-09T17:33:07","modified_gmt":"2015-03-09T16:33:07","slug":"lebenssituation-von-alleinerziehenden-verbessern","status":"publish","type":"post","link":"https:\/\/www.fuldaernachrichten.de\/?p=136041","title":{"rendered":"Lebenssituation von (Allein)Erziehenden verbessern"},"content":{"rendered":"<p>Eine Lotsenfunktion nehmen Simone Stern und Barbara Linder vom Beratungsb\u00fcro f\u00fcr (Allein)Erziehende in Stadt und Landkreis Fulda wahr. Die beiden Diplom-Sozialp\u00e4dagoginnen bieten Informationen und eine Erstberatung bei Fragen und Problemen, mit denen Erziehende und Familien konfrontiert werden. Bislang hat eine zentrale Anlaufstelle gefehlt, die Ratsuchende &#8211; ganz h\u00e4ufig handelt es sich dabei um Frauen in Trennung oder Scheidung &#8211; an spezielle Beratungs- und Hilfseinrichtungen weitervermittelt. <\/p>\n<p>Seit Anfang dieses Jahres befindet sich das Beratungsb\u00fcro f\u00fcr (Allein)Erziehende im Eingangsbereich des umgestalteten Kreisjobcenters in der Robert-Kircher-Stra\u00dfe 24. W\u00e4hrend der Umbauarbeiten waren die beiden Mitarbeiterinnen vorr\u00fcbergehend im fr\u00fcheren Jobb\u00fcro untergebracht. Zuvor firmierte das Beratungsb\u00fcro als Koordinierungsstelle des Netzwerks f\u00fcr Alleinerziehende in Stadt und Landkreis Fulda und hatte sein Domizil f\u00fcr eineinhalb Jahre im ITZ. Um die Koordination des Netzwerks k\u00fcmmern sich Simone Stern und Barbara Linder auch nach Auslaufen eines entsprechenden Bundesprogramms. Jetzt ist das Beratungsb\u00fcro jedoch eine Einrichtung des Landkreises und als Sachgebiet dem Kreisjobcenter zugeordnet.<\/p>\n<p>Die Anbindung an das Kreisjobcenter erkl\u00e4rt sich vor allem daraus, dass die beiden Mitarbeiterinnen nicht nur eine so genannte offene Beratung anbieten, wobei das Themenspektrum breit gef\u00e4chert ist und von der beruflichen Qualifizierung, \u00fcber finanzielle Hilfen und Betreuungsangebote f\u00fcr Kinder, bis hin zu famili\u00e4ren Konfliktlagen reicht. Dar\u00fcber hinaus sind Simone Stern und Barbara Linder auch Ansprechpartnerinnen f\u00fcr alleinerziehende Frauen (und M\u00e4nner), die soziale Transferleistungen beziehen. Hier geht es um die Heranf\u00fchrung an den regul\u00e4ren Ausbildungs- und Arbeitsmarkt im Zuge eines individualisierten Fallmanagements, bei dem m\u00f6gliche Vermittlungshemmnisse wie fehlende Qualifikation, Kinderbetreuung oder Mobilit\u00e4t aufgearbeitet werden.<\/p>\n<p>F\u00fcr das vergangene Jahr wurden 180 offene Beratungen dokumentiert. Hinzu kamen zahlreiche Anfragen und Kontaktw\u00fcnsche, telefonisch, pers\u00f6nlich oder per Mail. Ausgangspunkt war oft die mit monatlich rund 800 Zugriffen stark frequentierte Homepage www.alleinerziehende-fulda.de. Auch betreuten die beiden Diplom-Sozialp\u00e4dagoginnen 160 Personen im SGB II-Bezug, die unter anderem regelm\u00e4\u00dfig an Gruppentreffen in Kooperation mit der Volkshochschule des Landkreises Fulda teilnahmen. Von diesen konnte etwa ein Drittel in Ausbildungs- oder Besch\u00e4ftigungsverh\u00e4ltnisse, auch in Teilzeit, beispielsweise in der Altenpflege vermittelt werden. Als vorteilhaft erwies sich dabei die enge R\u00fcckkoppelung mit dem Arbeitgeberservice des Kreisjobcenters.<\/p>\n<p>Kontakt<br \/>\nTelefon (0661)6006-8553 (Simone Stern) und (0661)6006-8557 (Barbara Linder)<br \/>\nE-Mail info@alleinerziehende-fulda.de<\/p>\n<p>Zum Bild: Simone Stern (l.) und Barbara  Linder (r.) sind Ansprechpartner f\u00fcr sch\u00e4tzungsweise 1.100 Alleinerziehende, die es im Landkreis Fulda gibt. <\/p>\n","protected":false},"excerpt":{"rendered":"<div class=\"tmnf_excerpt\"><p>Eine Lotsenfunktion nehmen Simone Stern und Barbara Linder vom Beratungsb\u00fcro f\u00fcr (Allein)Erziehende in Stadt und Landkreis Fulda wahr. Die beiden Diplom-Sozialp\u00e4dagoginnen bieten Informationen und eine Erstberatung bei Fragen und Problemen, mit denen Erziehende und Familien konfrontiert werden. Bislang hat eine zentrale Anlaufstelle gefehlt, die Ratsuchende &#8211; ganz h\u00e4ufig handelt es sich dabei um Frauen in &hellip;<\/p>\n<\/div>","protected":false},"author":1,"featured_media":136042,"comment_status":"closed","ping_status":"closed","sticky":false,"template":"","format":"standard","meta":{"footnotes":""},"categories":[1,53,72],"tags":[],"class_list":["post-136041","post","type-post","status-publish","format-standard","has-post-thumbnail","hentry","category-startseite","category-bildung","category-jugend"],"_links":{"self":[{"href":"https:\/\/www.fuldaernachrichten.de\/index.php?rest_route=\/wp\/v2\/posts\/136041","targetHints":{"allow":["GET"]}}],"collection":[{"href":"https:\/\/www.fuldaernachrichten.de\/index.php?rest_route=\/wp\/v2\/posts"}],"about":[{"href":"https:\/\/www.fuldaernachrichten.de\/index.php?rest_route=\/wp\/v2\/types\/post"}],"author":[{"embeddable":true,"href":"https:\/\/www.fuldaernachrichten.de\/index.php?rest_route=\/wp\/v2\/users\/1"}],"replies":[{"embeddable":true,"href":"https:\/\/www.fuldaernachrichten.de\/index.php?rest_route=%2Fwp%2Fv2%2Fcomments&post=136041"}],"version-history":[{"count":1,"href":"https:\/\/www.fuldaernachrichten.de\/index.php?rest_route=\/wp\/v2\/posts\/136041\/revisions"}],"predecessor-version":[{"id":136043,"href":"https:\/\/www.fuldaernachrichten.de\/index.php?rest_route=\/wp\/v2\/posts\/136041\/revisions\/136043"}],"wp:featuredmedia":[{"embeddable":true,"href":"https:\/\/www.fuldaernachrichten.de\/index.php?rest_route=\/wp\/v2\/media\/136042"}],"wp:attachment":[{"href":"https:\/\/www.fuldaernachrichten.de\/index.php?rest_route=%2Fwp%2Fv2%2Fmedia&parent=136041"}],"wp:term":[{"taxonomy":"category","embeddable":true,"href":"https:\/\/www.fuldaernachrichten.de\/index.php?rest_route=%2Fwp%2Fv2%2Fcategories&post=136041"},{"taxonomy":"post_tag","embeddable":true,"href":"https:\/\/www.fuldaernachrichten.de\/index.php?rest_route=%2Fwp%2Fv2%2Ftags&post=136041"}],"curies":[{"name":"wp","href":"https:\/\/api.w.org\/{rel}","templated":true}]}}