{"id":136026,"date":"2015-03-09T13:35:59","date_gmt":"2015-03-09T12:35:59","guid":{"rendered":"http:\/\/www.fuldaer-nachrichten.de\/?p=136026"},"modified":"2015-03-09T13:35:59","modified_gmt":"2015-03-09T12:35:59","slug":"liebe-um-zu-leben-dioezesaner-weltjugendtag-am-palmsonntag-laedt-jugendliche-zur-sinnsuche-mit-jesus-ein","status":"publish","type":"post","link":"https:\/\/www.fuldaernachrichten.de\/?p=136026","title":{"rendered":"\u201eLiebe, um zu leben!\u201c \u2013 Di\u00f6zesaner Weltjugendtag am Palmsonntag l\u00e4dt Jugendliche zur Sinnsuche mit Jesus ein"},"content":{"rendered":"<p>\u201eKarriere, Geld, Spa\u00df\u00e2\u20ac\u00a6\u201c, das k\u00f6nnten heute Antworten sein auf die Frage: \u201eWas pr\u00e4gt dein Leben?\u201c Sie sind in der Gesellschaft weit verbreitet. Jugendliche sind auf der Suche nach Orientierung in ihrem Leben. Der diesj\u00e4hrige di\u00f6zesane Weltjugendtag \u201eHosanna\u201c macht am Palmsonntag, 29. M\u00e4rz, jungen Menschen verschiedene Angebote, sich auf diese Sinnsuche zu begeben. Er steht unter dem Motto: \u201eLiebe, um zu leben!\u201c Bischof Heinz Josef Algermissen l\u00e4dt zu diesem Tag ganz herzlich ein, der um 10.30 Uhr mit der Feier der Palmsonntagsliturgie in der Fuldaer Michaelskirche beginnt.<\/p>\n<p>Um 14 Uhr beginnt das B\u00fchnenprogramm in der Aula des Marianums Fulda. Dort wird Maria Schmitt \u00fcber ihre Umwege berichten, wie sie lange den Sinn im Leben in fern\u00f6stlichen Religionen suchte und schlie\u00dflich im Glauben an Jesus Christus ihre Berufung entdeckte. Zudem nimmt Bischof Algermissen das Jugendkreuz des Bistums wieder in Empfang. Es war ein Jahr zu verschiedenen Jugendprojekten und in Pfarrgemeinden unterwegs und wird am Ende des Tages wieder ins Bistum entsandt. Musikalisch gestaltet die Band \u201eJOB\u201c den Nachmittag und wird, wie bereits im vergangenen Jahr, die Jugendlichen begeistern. Au\u00dferdem wird mit einem Theaterst\u00fcck das Motto des Tages den Jugendlichen n\u00e4her gebracht.<\/p>\n<p>Der Nachmittag h\u00e4lt f\u00fcr die jungen Menschen verschiedene freie Angebote parat. Neben einer Besuchsaktion in Krankenh\u00e4usern und Altenheimen der Stadt gibt es eine kreative Aktion mit Tapeart, einer neuen Form der jugendlichen Stra\u00dfenkunstszene, die \u00e4hnlich wie Graffiti arbeitet, aber anstelle von Spraydosen bunte Klebeb\u00e4nder verwendet. Dar\u00fcber hinaus gibt es erste Informationen zum n\u00e4chsten gro\u00dfen Weltjugendtag in Krakau 2016 und die M\u00f6glichkeit zum Austausch mit Maria Schmitt.<\/p>\n<p>Der Tag schlie\u00dft mit einem Gebetsabend um 19 Uhr. Neben guter Musik und Impulsen wird Jesus Christus zur Anbetung ganz bewusst in die Mitte gestellt und zu Beichte und Gespr\u00e4ch eingeladen. \u201eWir wollen an diesem Tag das Herz der Jugendlichen ansprechen und es f\u00fcr Christus \u00f6ffnen\u201c, sagt Jugendpfarrer Thomas Renze vom Bisch\u00f6flichen Jugendamt, das \u201eHosanna\u201c mit einem Team vorbereitet und gestaltet. \u201eLiebe sagt sich leicht und klingt manchmal allt\u00e4glich und gew\u00f6hnlich. Wie anders ist die radikale Liebe Jesu, die am Kreuz das Leben erringt. Wer diese Liebe Jesu in seinem Leben erf\u00e4hrt, den f\u00fchrt sie zum wahren Leben in F\u00fclle\u201c, so Renze. Er nimmt damit Bezug auf das Thema des diesj\u00e4hrigen di\u00f6zesanen Weltjugendtages, der unter der Seligpreisung: \u201eSelig, die ein reines Herz haben, denn sie werden Gott schauen\u201c (Mt 5,8) steht.<\/p>\n<p>F\u00fcr Mittagessen und Abendbrot sowie Essen und Trinken ist zum kleinen Selbstkostenpreis gesorgt. Es wird auch nach der Palmsonntagsliturgie eine Fahrgelegenheit vom Dom zum Marianum, der katholischen Schule auf der Gebr\u00fcder-Grimm-Str. 1 in 36037 Fulda, angeboten.<\/p>\n<p>Weitere Informationen gibt es im Internet unter www.jugend.bistum-fulda.de und www.facebook.com\/jugendfestival.hosanna sowie beim Bisch\u00f6flichen Jugendamt, Andrea Koob, Paulustor 5, 36037 Fulda, Tel. 0661\/87-474, E-Mail: andrea.koob@bistum-fulda.de.<\/p>\n<p>Die Geschichte der Weltjugendtage begann bereits vor \u00fcber zwei Jahrzehnten. Als die Vereinten Nationen 1985 das Internationale Jahr der Jugend ausriefen, lud Papst Johannes Paul II. die Jugendlichen ein, in Rom den ersten Weltjugendtag zu begehen. Seitdem traf sich eine immer gr\u00f6\u00dfere Zahl von jungen Leuten auf Einladung des Heiligen Vaters an verschiedenen Orten der Welt: 1987 in Buenos Aires\/Argentinien, 1989 in Santiago de Compostela\/Spanien, 1991 in Tschenstochau\/Polen, 1993 in Denver\/USA, 1995 in Manila\/Philippinen, 1997 in Paris\/Frankreich, 2000 in Rom\/Italien im Zeichen des Heiligen Jahres, 2002 in Toronto\/Kanada, 2005 in K\u00f6ln, 2008 in Sydney\/Australien und 2011 in Madrid\/Spanien. Der letzte gro\u00dfe Weltjugendtag fand im Juli 2013 in Rio de Janeiro\/Brasilien statt. Das Bistum Fulda war mit \u00fcber 100 Jugendlichen in Sao Paulo, in Rio und in Salvador da Bahia unterwegs. Der n\u00e4chste gro\u00dfe Weltjugendtag findet 2016 in Krakau\/Polen statt. Das Bistum Fulda bietet zwei Fahrten an vom 25. Juli bis 4. August 2016 bzw. vom 19. Juli bis 1. August 2016 an.<\/p>\n<p>Zum Bild: &#8220;Vorfreude auf Hosanna: Das Vorbereitungsteam unter der Leitung von Jugendpfarrer Thomas Renze (1.v.l.) und Andrea Koob (1.v.r.), Referentin f\u00fcr religi\u00f6se Bildung, freut sich auf den Palmsonntag und den gemeinsamen Tag mit den Jugendlichen&#8221;<\/p>\n","protected":false},"excerpt":{"rendered":"<div class=\"tmnf_excerpt\"><p>\u201eKarriere, Geld, Spa\u00df\u00e2\u20ac\u00a6\u201c, das k\u00f6nnten heute Antworten sein auf die Frage: \u201eWas pr\u00e4gt dein Leben?\u201c Sie sind in der Gesellschaft weit verbreitet. Jugendliche sind auf der Suche nach Orientierung in ihrem Leben. Der diesj\u00e4hrige di\u00f6zesane Weltjugendtag \u201eHosanna\u201c macht am Palmsonntag, 29. M\u00e4rz, jungen Menschen verschiedene Angebote, sich auf diese Sinnsuche zu begeben. Er steht unter &hellip;<\/p>\n<\/div>","protected":false},"author":1,"featured_media":136027,"comment_status":"closed","ping_status":"closed","sticky":false,"template":"","format":"standard","meta":{"footnotes":""},"categories":[1,72,50],"tags":[],"class_list":["post-136026","post","type-post","status-publish","format-standard","has-post-thumbnail","hentry","category-startseite","category-jugend","category-kirche"],"_links":{"self":[{"href":"https:\/\/www.fuldaernachrichten.de\/index.php?rest_route=\/wp\/v2\/posts\/136026","targetHints":{"allow":["GET"]}}],"collection":[{"href":"https:\/\/www.fuldaernachrichten.de\/index.php?rest_route=\/wp\/v2\/posts"}],"about":[{"href":"https:\/\/www.fuldaernachrichten.de\/index.php?rest_route=\/wp\/v2\/types\/post"}],"author":[{"embeddable":true,"href":"https:\/\/www.fuldaernachrichten.de\/index.php?rest_route=\/wp\/v2\/users\/1"}],"replies":[{"embeddable":true,"href":"https:\/\/www.fuldaernachrichten.de\/index.php?rest_route=%2Fwp%2Fv2%2Fcomments&post=136026"}],"version-history":[{"count":1,"href":"https:\/\/www.fuldaernachrichten.de\/index.php?rest_route=\/wp\/v2\/posts\/136026\/revisions"}],"predecessor-version":[{"id":136028,"href":"https:\/\/www.fuldaernachrichten.de\/index.php?rest_route=\/wp\/v2\/posts\/136026\/revisions\/136028"}],"wp:featuredmedia":[{"embeddable":true,"href":"https:\/\/www.fuldaernachrichten.de\/index.php?rest_route=\/wp\/v2\/media\/136027"}],"wp:attachment":[{"href":"https:\/\/www.fuldaernachrichten.de\/index.php?rest_route=%2Fwp%2Fv2%2Fmedia&parent=136026"}],"wp:term":[{"taxonomy":"category","embeddable":true,"href":"https:\/\/www.fuldaernachrichten.de\/index.php?rest_route=%2Fwp%2Fv2%2Fcategories&post=136026"},{"taxonomy":"post_tag","embeddable":true,"href":"https:\/\/www.fuldaernachrichten.de\/index.php?rest_route=%2Fwp%2Fv2%2Ftags&post=136026"}],"curies":[{"name":"wp","href":"https:\/\/api.w.org\/{rel}","templated":true}]}}