{"id":136021,"date":"2015-03-09T13:22:20","date_gmt":"2015-03-09T12:22:20","guid":{"rendered":"http:\/\/www.fuldaer-nachrichten.de\/?p=136021"},"modified":"2015-03-09T13:22:27","modified_gmt":"2015-03-09T12:22:27","slug":"vhs-kurs-die-pflanzliche-kinderapotheke","status":"publish","type":"post","link":"https:\/\/www.fuldaernachrichten.de\/?p=136021","title":{"rendered":"VHS-Kurs: Die pflanzliche Kinderapotheke"},"content":{"rendered":"<p>Die vhs bietet heute \u2013 Dienstag, 10. M\u00e4rz &#8211; ab 20 Uhr in der Naturheilpraxis von Ellen Langstein in Schlitz einen Vortrag zum Thema \u201eDie pflanzliche Kinderapotheke\u201c an. Wer kennt es nicht, gerade an einem Wochenende oder an Feiertagen werden unsere lieben Kleinen krank. Gut, wer sich dann mit einfachen Mitteln erst einmal selbst zu helfen wei\u00df. Welche einfachen pflanzlichen Mittel geh\u00f6ren in eine Hausapotheke f\u00fcr Kinder, welche habe ich vielleicht sogar zu Hause?! Mit solchen Fragen wird sich im Vortrag befasst.<\/p>\n<p>Weitere Informationen und Anmeldung bei der vhs, F\u00e4rbergasse 2, 36304 Alsfeld, Tel. 06631 792-7720, oder im Internet unter www.vhs-vogelsberg.de.<\/p>\n","protected":false},"excerpt":{"rendered":"<div class=\"tmnf_excerpt\"><p>Die vhs bietet heute \u2013 Dienstag, 10. M\u00e4rz &#8211; ab 20 Uhr in der Naturheilpraxis von Ellen Langstein in Schlitz einen Vortrag zum Thema \u201eDie pflanzliche Kinderapotheke\u201c an. Wer kennt es nicht, gerade an einem Wochenende oder an Feiertagen werden unsere lieben Kleinen krank. Gut, wer sich dann mit einfachen Mitteln erst einmal selbst zu &hellip;<\/p>\n<\/div>","protected":false},"author":1,"featured_media":0,"comment_status":"closed","ping_status":"closed","sticky":false,"template":"","format":"standard","meta":{"footnotes":""},"categories":[1,53,51,72],"tags":[],"class_list":["post-136021","post","type-post","status-publish","format-standard","hentry","category-startseite","category-bildung","category-medizin","category-jugend"],"_links":{"self":[{"href":"https:\/\/www.fuldaernachrichten.de\/index.php?rest_route=\/wp\/v2\/posts\/136021","targetHints":{"allow":["GET"]}}],"collection":[{"href":"https:\/\/www.fuldaernachrichten.de\/index.php?rest_route=\/wp\/v2\/posts"}],"about":[{"href":"https:\/\/www.fuldaernachrichten.de\/index.php?rest_route=\/wp\/v2\/types\/post"}],"author":[{"embeddable":true,"href":"https:\/\/www.fuldaernachrichten.de\/index.php?rest_route=\/wp\/v2\/users\/1"}],"replies":[{"embeddable":true,"href":"https:\/\/www.fuldaernachrichten.de\/index.php?rest_route=%2Fwp%2Fv2%2Fcomments&post=136021"}],"version-history":[{"count":2,"href":"https:\/\/www.fuldaernachrichten.de\/index.php?rest_route=\/wp\/v2\/posts\/136021\/revisions"}],"predecessor-version":[{"id":136023,"href":"https:\/\/www.fuldaernachrichten.de\/index.php?rest_route=\/wp\/v2\/posts\/136021\/revisions\/136023"}],"wp:attachment":[{"href":"https:\/\/www.fuldaernachrichten.de\/index.php?rest_route=%2Fwp%2Fv2%2Fmedia&parent=136021"}],"wp:term":[{"taxonomy":"category","embeddable":true,"href":"https:\/\/www.fuldaernachrichten.de\/index.php?rest_route=%2Fwp%2Fv2%2Fcategories&post=136021"},{"taxonomy":"post_tag","embeddable":true,"href":"https:\/\/www.fuldaernachrichten.de\/index.php?rest_route=%2Fwp%2Fv2%2Ftags&post=136021"}],"curies":[{"name":"wp","href":"https:\/\/api.w.org\/{rel}","templated":true}]}}