{"id":135995,"date":"2015-03-09T11:22:39","date_gmt":"2015-03-09T10:22:39","guid":{"rendered":"http:\/\/www.fuldaer-nachrichten.de\/?p=135995"},"modified":"2015-03-09T11:22:39","modified_gmt":"2015-03-09T10:22:39","slug":"osterferienangebote-fuer-kinder-in-der-muetze","status":"publish","type":"post","link":"https:\/\/www.fuldaernachrichten.de\/?p=135995","title":{"rendered":"Osterferienangebote f\u00fcr Kinder in Der M\u00dcTZE"},"content":{"rendered":"<p>Das Fuldaer M\u00fctterzentrum \u201cDie M\u00dcTZE\u00e2\u20ac\u009d bietet in den Osterferien speziell f\u00fcr Kinder folgende Kursangebote an: <\/p>\n<p>\u00dcbernachtung \u201eNur f\u00fcr Jungs!\u201c: Freitag, 27.03.15 um 18.00 Uhr bis Samstag, 28.03.15 um 10.30 Uhr. F\u00fcr Jungs 2. \u2013 6. Klasse. Glitzer, Glamour, M\u00e4deslskram&#8230; PFUI SPINNE! Mit Gruselgeschichten, Wettspielen, S\u00e4gen und H\u00e4mmern verbringen die Kinder die &#8220;halbe Nacht&#8221;. Ein leckeres Abendessen und ein Fr\u00fchst\u00fcck gibt es nat\u00fcrlich auch!<\/p>\n<p>Hasen-Marionette: Montag, 30.03.15 in der Zeit von 15.00 \u2013 17.00 Uhr. F\u00fcr Kinder der 1. \u2013 4. Klasse. Aus Holz und Filz basteln die Kinder tolle Marionetten zum Spielen oder als Deko.<\/p>\n<p>Extra-Ferienangebot: Dienstag, 31.03.15 und Dienstag, 07.04.15 in der Zeit von 9.00 \u2013 12.00 Uhr. F\u00fcr Kinder der 1. \u2013 4. Klasse. Hier werden die Kinder ab 6 Jahren mit extra Bastel- und Spielangeboten besch\u00e4ftigt und betreut.<\/p>\n<p>Osterschafe basteln: Mittwoch, 01.04.15 in der Zeit von 9.00 \u2013 11.00 Uhr. F\u00fcr Kinder der 1. \u2013 4. Klasse. Es werden lustige Osterschafe aus verschiedenen Materialien gebastelt.<\/p>\n<p>Schmuckkurs f\u00fcr Kids: Donnerstag, 02.04.15 in der Zeit von 9.30 \u2013 11.30 Uhr. F\u00fcr Kinder ab 3. Klasse. Hier k\u00f6nnen die Kinder Ketten und Ohrringe nach ihren eigenen Vorstellungen fertigen. Eine gro\u00dfe Auswahl an Perlen in verschiedenen Farben, Materialien und Gr\u00f6\u00dfen ist vorhanden.<\/p>\n<p>Klettern f\u00fcr Kids: Freitag, 10.04.15 in der Zeit von 10.00 \u2013 11.30 Uhr. F\u00fcr Kinder 2. \u2013 4. Klasse. Klettern ist ein toller Sport f\u00fcr den ganzen K\u00f6rper und macht viel Spa\u00df. Die Teilnehmer treffen sich in der Jugendkulturfabrik, um dies gemeinsam auszuprobieren.<\/p>\n<p>\u201eFulda Entdecker 4 Tage lang\u201c: Von Dienstag, 07.04.15 \u2013 Fr. 10.04.15 jeweils in der Zeit von 7.30 \u2013 14.00 Uhr. F\u00fcr Kinder der 1. \u2013 4. Klasse.<br \/>\nMit verschiedenen Spielen, Bastelangeboten und Aktionen\/Ausfl\u00fcgen entdecken die Kinder Ihr Umfeld.<\/p>\n<p>Zu den genannten Kursen ist eine verbindliche Anmeldung sp\u00e4testens eine Woche vorher erforderlich unter Tel. 0661\/8050, Mo. \u2013 Fr. von 9.00 \u2013 12.30 Uhr.<\/p>\n","protected":false},"excerpt":{"rendered":"<div class=\"tmnf_excerpt\"><p>Das Fuldaer M\u00fctterzentrum \u201cDie M\u00dcTZE\u00e2\u20ac\u009d bietet in den Osterferien speziell f\u00fcr Kinder folgende Kursangebote an: \u00dcbernachtung \u201eNur f\u00fcr Jungs!\u201c: Freitag, 27.03.15 um 18.00 Uhr bis Samstag, 28.03.15 um 10.30 Uhr. F\u00fcr Jungs 2. \u2013 6. Klasse. Glitzer, Glamour, M\u00e4deslskram&#8230; PFUI SPINNE! Mit Gruselgeschichten, Wettspielen, S\u00e4gen und H\u00e4mmern verbringen die Kinder die &#8220;halbe Nacht&#8221;. Ein leckeres &hellip;<\/p>\n<\/div>","protected":false},"author":1,"featured_media":0,"comment_status":"closed","ping_status":"closed","sticky":false,"template":"","format":"standard","meta":{"footnotes":""},"categories":[1,72],"tags":[],"class_list":["post-135995","post","type-post","status-publish","format-standard","hentry","category-startseite","category-jugend"],"_links":{"self":[{"href":"https:\/\/www.fuldaernachrichten.de\/index.php?rest_route=\/wp\/v2\/posts\/135995","targetHints":{"allow":["GET"]}}],"collection":[{"href":"https:\/\/www.fuldaernachrichten.de\/index.php?rest_route=\/wp\/v2\/posts"}],"about":[{"href":"https:\/\/www.fuldaernachrichten.de\/index.php?rest_route=\/wp\/v2\/types\/post"}],"author":[{"embeddable":true,"href":"https:\/\/www.fuldaernachrichten.de\/index.php?rest_route=\/wp\/v2\/users\/1"}],"replies":[{"embeddable":true,"href":"https:\/\/www.fuldaernachrichten.de\/index.php?rest_route=%2Fwp%2Fv2%2Fcomments&post=135995"}],"version-history":[{"count":1,"href":"https:\/\/www.fuldaernachrichten.de\/index.php?rest_route=\/wp\/v2\/posts\/135995\/revisions"}],"predecessor-version":[{"id":135996,"href":"https:\/\/www.fuldaernachrichten.de\/index.php?rest_route=\/wp\/v2\/posts\/135995\/revisions\/135996"}],"wp:attachment":[{"href":"https:\/\/www.fuldaernachrichten.de\/index.php?rest_route=%2Fwp%2Fv2%2Fmedia&parent=135995"}],"wp:term":[{"taxonomy":"category","embeddable":true,"href":"https:\/\/www.fuldaernachrichten.de\/index.php?rest_route=%2Fwp%2Fv2%2Fcategories&post=135995"},{"taxonomy":"post_tag","embeddable":true,"href":"https:\/\/www.fuldaernachrichten.de\/index.php?rest_route=%2Fwp%2Fv2%2Ftags&post=135995"}],"curies":[{"name":"wp","href":"https:\/\/api.w.org\/{rel}","templated":true}]}}