{"id":135870,"date":"2015-03-06T01:00:54","date_gmt":"2015-03-06T00:00:54","guid":{"rendered":"http:\/\/www.fuldaer-nachrichten.de\/?p=135870"},"modified":"2015-03-06T01:00:54","modified_gmt":"2015-03-06T00:00:54","slug":"kinderkino-mehr-wieder-auf-tournee-11","status":"publish","type":"post","link":"https:\/\/www.fuldaernachrichten.de\/?p=135870","title":{"rendered":"\u201eKinderKino + mehr\u201c wieder auf Tournee"},"content":{"rendered":"<p>Das medienp\u00e4dagogische Angebot \u201eKinderKino + mehr\u201c des Jugendbildungswerkes der Stadt Fulda zeigt in Kooperation mit dem Offenen Kanal und der Hochschule Fulda einen ausgesprochen spannenden Film f\u00fcr Kinder ab sechs Jahren in ausgew\u00e4hlten Stadtgebieten und Stadtteilen.<\/p>\n<p>Ernest &#038; C\u00e9lestine sind Bewohner zweier verschiedener Welten. C\u00e9lestine, die kleine Maus, lebt als Waise in der Unterwelt der Nagetiere, bis sie genug von ihrem Leben in der Dunkelheit und der Angstmacherei vor den b\u00f6sen B\u00e4ren hat. So lernt sie B\u00e4r Ernest kennen, der das kleine Mausem\u00e4dchen &#8211; nach anf\u00e4nglichen Verwechselungen zwischen Maus und Essen &#8211; bei sich aufnimmt. Eine skandal\u00f6se Verbindung entwickelt sich, denn B\u00e4ren sind die gr\u00f6\u00dften Feinde der M\u00e4usewelt, allein ihrer Gr\u00f6\u00dfe wegen. Kann C\u00e9lestine vermitteln oder werden sie von den M\u00e4usepolizisten gefangen genommen und eingesperrt?<\/p>\n<p>Nach der Vorf\u00fchrung gibt es angeleitete Aktivit\u00e4ten rund um den Film. Die Kinder k\u00f6nnen bei Bastel- und Spielaktionen selbst aktiv und kreativ werden, um sich auf ihre Weise mit dem Gesehenen auseinander zu setzen. Eltern m\u00fcssen beim KinderKino drau\u00dfen bleiben.<\/p>\n<p>Das mobile Kinderkino ist zu Gast:<br \/>\nMontag, 09.03.2015<br \/>\nAstrid-Lindgren-Schule, Fulda Galerie<br \/>\nDienstag, 10.03.2015<br \/>\nGrundschule Haimbach<br \/>\nMittwoch, 11.03.2015<br \/>\nB\u00fcrgerhaus Edelzell<br \/>\nDonnerstag, 12.03.2015<br \/>\nKindertreff \u201eZitrone\u201c<br \/>\nFreitag, 13.03.2015<br \/>\nKirchengemeinde St. Joseph, Nordend<br \/>\nMontag, 16.03.2015<br \/>\nGeschwister-Scholl-Schule, Ziehers Nord<br \/>\nDienstag, 17.03.2015<br \/>\nFestscheune Antoniusheim<br \/>\nMittwoch, 18.03.2015<br \/>\nB\u00fcrgerhaus Johannesberg<\/p>\n<p>Veranstaltungszeitraum ist jeweils von 15:00 bis 18:00 Uhr, der Einlass beginnt um 14:45 Uhr. Der Teilnahmebetrag betr\u00e4gt 1,50 Euro. Genauere Informationen erteilt Ingmar S\u00fc\u00df unter Telefon 0661\/102-1980.<\/p>\n","protected":false},"excerpt":{"rendered":"<div class=\"tmnf_excerpt\"><p>Das medienp\u00e4dagogische Angebot \u201eKinderKino + mehr\u201c des Jugendbildungswerkes der Stadt Fulda zeigt in Kooperation mit dem Offenen Kanal und der Hochschule Fulda einen ausgesprochen spannenden Film f\u00fcr Kinder ab sechs Jahren in ausgew\u00e4hlten Stadtgebieten und Stadtteilen. Ernest &#038; C\u00e9lestine sind Bewohner zweier verschiedener Welten. C\u00e9lestine, die kleine Maus, lebt als Waise in der Unterwelt der &hellip;<\/p>\n<\/div>","protected":false},"author":1,"featured_media":0,"comment_status":"closed","ping_status":"closed","sticky":false,"template":"","format":"standard","meta":{"footnotes":""},"categories":[1,72,44],"tags":[],"class_list":["post-135870","post","type-post","status-publish","format-standard","hentry","category-startseite","category-jugend","category-kultur"],"_links":{"self":[{"href":"https:\/\/www.fuldaernachrichten.de\/index.php?rest_route=\/wp\/v2\/posts\/135870","targetHints":{"allow":["GET"]}}],"collection":[{"href":"https:\/\/www.fuldaernachrichten.de\/index.php?rest_route=\/wp\/v2\/posts"}],"about":[{"href":"https:\/\/www.fuldaernachrichten.de\/index.php?rest_route=\/wp\/v2\/types\/post"}],"author":[{"embeddable":true,"href":"https:\/\/www.fuldaernachrichten.de\/index.php?rest_route=\/wp\/v2\/users\/1"}],"replies":[{"embeddable":true,"href":"https:\/\/www.fuldaernachrichten.de\/index.php?rest_route=%2Fwp%2Fv2%2Fcomments&post=135870"}],"version-history":[{"count":1,"href":"https:\/\/www.fuldaernachrichten.de\/index.php?rest_route=\/wp\/v2\/posts\/135870\/revisions"}],"predecessor-version":[{"id":135873,"href":"https:\/\/www.fuldaernachrichten.de\/index.php?rest_route=\/wp\/v2\/posts\/135870\/revisions\/135873"}],"wp:attachment":[{"href":"https:\/\/www.fuldaernachrichten.de\/index.php?rest_route=%2Fwp%2Fv2%2Fmedia&parent=135870"}],"wp:term":[{"taxonomy":"category","embeddable":true,"href":"https:\/\/www.fuldaernachrichten.de\/index.php?rest_route=%2Fwp%2Fv2%2Fcategories&post=135870"},{"taxonomy":"post_tag","embeddable":true,"href":"https:\/\/www.fuldaernachrichten.de\/index.php?rest_route=%2Fwp%2Fv2%2Ftags&post=135870"}],"curies":[{"name":"wp","href":"https:\/\/api.w.org\/{rel}","templated":true}]}}