{"id":135842,"date":"2015-03-04T19:57:00","date_gmt":"2015-03-04T18:57:00","guid":{"rendered":"http:\/\/www.fuldaer-nachrichten.de\/?p=135842"},"modified":"2015-03-04T19:57:00","modified_gmt":"2015-03-04T18:57:00","slug":"rotarier-und-kuenstler-fuer-kinder","status":"publish","type":"post","link":"https:\/\/www.fuldaernachrichten.de\/?p=135842","title":{"rendered":"Rotarier und K\u00fcnstler f\u00fcr Kinder"},"content":{"rendered":"<p>Das Engagement f\u00fcr Kinder steht an oberster Stelle in der Arbeit des Rotary Club Rh\u00f6n. So ist es dem Pr\u00e4sidenten Dr. Uwe B\u00f6rngen-Schmidt gelungen zu einer Gala besonderer Art K\u00fcnstlerinnen und K\u00fcnstler zu gewinnen, die am 21.3. um 18:30 Uhr in der M\u00fcnsterfeldhalle, M\u00fcnsterfeldallee 2, Fulda, aufwarten:<\/p>\n<p>Schlachtegala &#8211; Finest Jazz, Swing, Comedy \u2013 die etwas andere Gala<br \/>\nEs wirken mit<br \/>\n\u00e2\u20ac\u00a2 die Jazzlegende Ed Sperber (20 Jahre Leiter des Rundfunk\u2013Tanzorchester des Bayerischen Rundfunks),<br \/>\n\u00e2\u20ac\u00a2 die Ballbearing Jazzband,<br \/>\n\u00e2\u20ac\u00a2 Silvia V\u00f6lker,<br \/>\n\u00e2\u20ac\u00a2 und \u2013 im Rahmen ihrer letzten gemeinsamen Auftritte: Wolf und Bleuel.<\/p>\n<p>Schon mehrfach engagierten sich der RC Rh\u00f6n und Wolf und Bleuel in gemeinsamen Benefizaktionen. Neben der Musik gibt es regionstypisches deftiges Schlachteplatte-Essen. Im Rahmen einer Auslosung unter den G\u00e4sten gibt es attraktive Reisepreise zu gewinnen.<\/p>\n<p>Um Kinder geht es den Rotarieren mit dem Erl\u00f6s dieser Gala. Das Friedensdorf Oberhausen \u2013 schon vor Jahren Ziel einer Fahrt der Rotarier \u2013 k\u00fcmmert sich \u2013 ausschlie\u00dflich spenden- und mitgliedsfinanziert &#8211; um k\u00f6rperlich und seelisch traumatisierte kriegsversehrte Kinder, die durch Bomben, Flammen, Minen oder andere kriegsbedingte Ereignisse gesch\u00e4digt wurden. Sie erhalten durch fachkundige Behandlung in Kliniken in Deutschland \u2013 u. a. auch schon im Fuldaer St\u00e4dtischen Klinikum z.B. Prothesen nach Amputationen oder Hautverpflanzungen nach Brandwunden und vieles mehr. Traumatisierungen werden genauso behandelt wie k\u00f6rperliche Sch\u00e4den. Sie bleiben in Deutschland bis die Behandlung abgeschlossen ist und kehren dann wieder zur\u00fcck zu ihren Familien in die Heimat. <\/p>\n<p>Der zweite Teil des Erl\u00f6ses dient der Arbeit mit Fl\u00fcchtlingskindern, die in unserer Region aufgenommen werden.<\/p>\n<p>Karten zu 39 \u00e2\u201a\u00ac (Eintritt und Speisen) in den Vorverkaufsstellen erworben werden z. B. in der Kartenzentrale Fulda, Peterstor. Weitere Vorverkaufsstellen in Fulda, H\u00fcnfeld, Gro\u00dfenl\u00fcder, Hofbieber und Bad Salzschlirf sind zu finden auf der Homepage http:\/\/www.rotary1820.de\/rhoen\/<br \/>\nEtliche Unternehmen haben bereits die Aktion gef\u00f6rdert. Auch Spenden werden gerne entgegen genommen unter: Spendenkonto: F\u00f6rderverein Rotary Rh\u00f6n e.V.  IBAN: DE65 5307 0007 0077 7920 00 BIC: DEUTDEFF530   &#8211; \u201eK\u00fcnstler f\u00fcr Kinder 2015 \u2013 Gala\u201c<\/p>\n","protected":false},"excerpt":{"rendered":"<div class=\"tmnf_excerpt\"><p>Das Engagement f\u00fcr Kinder steht an oberster Stelle in der Arbeit des Rotary Club Rh\u00f6n. So ist es dem Pr\u00e4sidenten Dr. Uwe B\u00f6rngen-Schmidt gelungen zu einer Gala besonderer Art K\u00fcnstlerinnen und K\u00fcnstler zu gewinnen, die am 21.3. um 18:30 Uhr in der M\u00fcnsterfeldhalle, M\u00fcnsterfeldallee 2, Fulda, aufwarten: Schlachtegala &#8211; Finest Jazz, Swing, Comedy \u2013 die &hellip;<\/p>\n<\/div>","protected":false},"author":1,"featured_media":135843,"comment_status":"closed","ping_status":"closed","sticky":false,"template":"","format":"standard","meta":{"footnotes":""},"categories":[1,44],"tags":[],"class_list":["post-135842","post","type-post","status-publish","format-standard","has-post-thumbnail","hentry","category-startseite","category-kultur"],"_links":{"self":[{"href":"https:\/\/www.fuldaernachrichten.de\/index.php?rest_route=\/wp\/v2\/posts\/135842","targetHints":{"allow":["GET"]}}],"collection":[{"href":"https:\/\/www.fuldaernachrichten.de\/index.php?rest_route=\/wp\/v2\/posts"}],"about":[{"href":"https:\/\/www.fuldaernachrichten.de\/index.php?rest_route=\/wp\/v2\/types\/post"}],"author":[{"embeddable":true,"href":"https:\/\/www.fuldaernachrichten.de\/index.php?rest_route=\/wp\/v2\/users\/1"}],"replies":[{"embeddable":true,"href":"https:\/\/www.fuldaernachrichten.de\/index.php?rest_route=%2Fwp%2Fv2%2Fcomments&post=135842"}],"version-history":[{"count":1,"href":"https:\/\/www.fuldaernachrichten.de\/index.php?rest_route=\/wp\/v2\/posts\/135842\/revisions"}],"predecessor-version":[{"id":135844,"href":"https:\/\/www.fuldaernachrichten.de\/index.php?rest_route=\/wp\/v2\/posts\/135842\/revisions\/135844"}],"wp:featuredmedia":[{"embeddable":true,"href":"https:\/\/www.fuldaernachrichten.de\/index.php?rest_route=\/wp\/v2\/media\/135843"}],"wp:attachment":[{"href":"https:\/\/www.fuldaernachrichten.de\/index.php?rest_route=%2Fwp%2Fv2%2Fmedia&parent=135842"}],"wp:term":[{"taxonomy":"category","embeddable":true,"href":"https:\/\/www.fuldaernachrichten.de\/index.php?rest_route=%2Fwp%2Fv2%2Fcategories&post=135842"},{"taxonomy":"post_tag","embeddable":true,"href":"https:\/\/www.fuldaernachrichten.de\/index.php?rest_route=%2Fwp%2Fv2%2Ftags&post=135842"}],"curies":[{"name":"wp","href":"https:\/\/api.w.org\/{rel}","templated":true}]}}