{"id":135818,"date":"2015-03-04T12:31:40","date_gmt":"2015-03-04T11:31:40","guid":{"rendered":"http:\/\/www.fuldaer-nachrichten.de\/?p=135818"},"modified":"2015-03-04T12:31:40","modified_gmt":"2015-03-04T11:31:40","slug":"hoermahl-kost-und-konzert-mit-tom-james-virtuoser-gitarrist-und-liedermacher-aus-engeland-sonntag-08-maerz-beginn-18-uhr","status":"publish","type":"post","link":"https:\/\/www.fuldaernachrichten.de\/?p=135818","title":{"rendered":"Hoermahl \u2013 Kost und Konzert mit Tom James &#8211; Virtuoser Gitarrist und Liedermacher aus Engeland Sonntag, 08. M\u00e4rz, Beginn 18 Uhr"},"content":{"rendered":"<p>Tom James ist eine Rarit\u00e4t. Unterrichtet von Andy McKee tr\u00e4gt Tom James mit nur 22 Jahren bereits das Pr\u00e4dikat eines fortgeschrittenen Gitarrenvirtuosen und reifen Liedermachers. Toms einzigartigen akustischen Stil wurde von Ben Howard als &#8220;pushing the mould\u201c beschrieben. Die virtuose Kombination mit der lyrischen Tiefe seiner Lieder, Geschichten von Erinnerungen, Reue und hoffnungsvollen Enden pr\u00e4gt das Bild eines K\u00fcnstlers, dessen Ehrlichkeit und Leidenschaft in jede Performance durchkommt. Auf den B\u00fchnen der angesehenen \u201ePret a Diner\u201c in Berlin und London verzauberte er bereits das Publikum. Der Auftritt beim Surfana Festival in den Niederlanden sowie die erfolgreiche Release Tour seiner ersten EP \u201eGreen &#038; White\u201c belegen seine erstaunlichen Erfolge innerhalb k\u00fcrzester Zeit. 2014 folgte ein weiteres Kapitel seiner Karriere mit einer Ver\u00f6ffentlichung auf dem Label \u201eIndie Kitchen Records\u201c. Die zerebrale und gef\u00fchlsgeladene EP \u201eBlood to Gold\u201c beinhaltet 5 Songs die sein au\u00dferordentliches Talent der \u00d6ffentlichkeit pr\u00e4sentieren. An der Spitze der organischen Beschaffenheit und der vielschichtigen Dynamik seiner Band zeigt die EP eine St\u00e4rke die es ben\u00f6tigt um im \u00fcbers\u00e4ttigten Klima der UK Singer-Songwriter Gefilde herauszustechen. In 2015 f\u00fchrt Tom James erstmals eine erste ausgedehnte Tour au\u00dferhalb Gro\u00dfbritanniens durch. Im Rahmen der Reihe \u201eHoermahl \u2013 Kost und Konzert\u201c  macht die One Man Band am Sonntag, 08.03.15 Station in Fulda. Ab 18 Uhr k\u00f6chelt im YouRoPa Vereinsheim \u201eUnderground\u201c, Langebr\u00fcckenstra\u00dfe 14 die Suppe, bevor um 19 Uhr Tom James auftritt.<\/p>\n","protected":false},"excerpt":{"rendered":"<div class=\"tmnf_excerpt\"><p>Tom James ist eine Rarit\u00e4t. Unterrichtet von Andy McKee tr\u00e4gt Tom James mit nur 22 Jahren bereits das Pr\u00e4dikat eines fortgeschrittenen Gitarrenvirtuosen und reifen Liedermachers. Toms einzigartigen akustischen Stil wurde von Ben Howard als &#8220;pushing the mould\u201c beschrieben. Die virtuose Kombination mit der lyrischen Tiefe seiner Lieder, Geschichten von Erinnerungen, Reue und hoffnungsvollen Enden pr\u00e4gt &hellip;<\/p>\n<\/div>","protected":false},"author":1,"featured_media":135819,"comment_status":"closed","ping_status":"closed","sticky":false,"template":"","format":"standard","meta":{"footnotes":""},"categories":[1,44],"tags":[],"class_list":["post-135818","post","type-post","status-publish","format-standard","has-post-thumbnail","hentry","category-startseite","category-kultur"],"_links":{"self":[{"href":"https:\/\/www.fuldaernachrichten.de\/index.php?rest_route=\/wp\/v2\/posts\/135818","targetHints":{"allow":["GET"]}}],"collection":[{"href":"https:\/\/www.fuldaernachrichten.de\/index.php?rest_route=\/wp\/v2\/posts"}],"about":[{"href":"https:\/\/www.fuldaernachrichten.de\/index.php?rest_route=\/wp\/v2\/types\/post"}],"author":[{"embeddable":true,"href":"https:\/\/www.fuldaernachrichten.de\/index.php?rest_route=\/wp\/v2\/users\/1"}],"replies":[{"embeddable":true,"href":"https:\/\/www.fuldaernachrichten.de\/index.php?rest_route=%2Fwp%2Fv2%2Fcomments&post=135818"}],"version-history":[{"count":1,"href":"https:\/\/www.fuldaernachrichten.de\/index.php?rest_route=\/wp\/v2\/posts\/135818\/revisions"}],"predecessor-version":[{"id":135820,"href":"https:\/\/www.fuldaernachrichten.de\/index.php?rest_route=\/wp\/v2\/posts\/135818\/revisions\/135820"}],"wp:featuredmedia":[{"embeddable":true,"href":"https:\/\/www.fuldaernachrichten.de\/index.php?rest_route=\/wp\/v2\/media\/135819"}],"wp:attachment":[{"href":"https:\/\/www.fuldaernachrichten.de\/index.php?rest_route=%2Fwp%2Fv2%2Fmedia&parent=135818"}],"wp:term":[{"taxonomy":"category","embeddable":true,"href":"https:\/\/www.fuldaernachrichten.de\/index.php?rest_route=%2Fwp%2Fv2%2Fcategories&post=135818"},{"taxonomy":"post_tag","embeddable":true,"href":"https:\/\/www.fuldaernachrichten.de\/index.php?rest_route=%2Fwp%2Fv2%2Ftags&post=135818"}],"curies":[{"name":"wp","href":"https:\/\/api.w.org\/{rel}","templated":true}]}}