{"id":135816,"date":"2015-03-04T12:30:55","date_gmt":"2015-03-04T11:30:55","guid":{"rendered":"http:\/\/www.fuldaer-nachrichten.de\/?p=135816"},"modified":"2015-03-04T12:30:55","modified_gmt":"2015-03-04T11:30:55","slug":"die-muetze-feiert-27-geburtstag","status":"publish","type":"post","link":"https:\/\/www.fuldaernachrichten.de\/?p=135816","title":{"rendered":"Die \u201eM\u00dcTZE\u201c feiert 27. Geburtstag"},"content":{"rendered":"<p>Das M\u00fctterzentrum e. V., Fulda, \u201eDie M\u00dcTZE\u201c, l\u00e4dt am Sonntag, 15. M\u00e4rz 2015, in der Zeit von 13.30 \u2013 17.00 Uhr zum 27. Geburtstag in den Gallasiniring 8, in Fulda ein. Die Feierlichkeiten werden um 14.00 Uhr durch den Vorstand offiziell er\u00f6ffnet.<\/p>\n<p>Neben Vorf\u00fchrungen der U3 Kinderkrippe Marienk\u00e4fer und dem Minikindergarten erwartet die Besucher tolle Spiel- und Bastelaktionen, und eine Tombola, deren Erl\u00f6s der Arbeit des M\u00fctterzentrums zu Gute kommt. F\u00fcr das leibliche Wohl ist gesorgt. Alle ob Gro\u00df ob Klein sind herzlich eingeladen. N\u00e4here Informationen unter Tel. 0661\/8050, Mo. \u2013 Fr. von 9.00 \u2013 12.30 Uhr, oder im Internet unter www.muetze-fulda.de.<\/p>\n","protected":false},"excerpt":{"rendered":"<div class=\"tmnf_excerpt\"><p>Das M\u00fctterzentrum e. V., Fulda, \u201eDie M\u00dcTZE\u201c, l\u00e4dt am Sonntag, 15. M\u00e4rz 2015, in der Zeit von 13.30 \u2013 17.00 Uhr zum 27. Geburtstag in den Gallasiniring 8, in Fulda ein. Die Feierlichkeiten werden um 14.00 Uhr durch den Vorstand offiziell er\u00f6ffnet. Neben Vorf\u00fchrungen der U3 Kinderkrippe Marienk\u00e4fer und dem Minikindergarten erwartet die Besucher tolle &hellip;<\/p>\n<\/div>","protected":false},"author":1,"featured_media":0,"comment_status":"closed","ping_status":"closed","sticky":false,"template":"","format":"standard","meta":{"footnotes":""},"categories":[1,72],"tags":[],"class_list":["post-135816","post","type-post","status-publish","format-standard","hentry","category-startseite","category-jugend"],"_links":{"self":[{"href":"https:\/\/www.fuldaernachrichten.de\/index.php?rest_route=\/wp\/v2\/posts\/135816","targetHints":{"allow":["GET"]}}],"collection":[{"href":"https:\/\/www.fuldaernachrichten.de\/index.php?rest_route=\/wp\/v2\/posts"}],"about":[{"href":"https:\/\/www.fuldaernachrichten.de\/index.php?rest_route=\/wp\/v2\/types\/post"}],"author":[{"embeddable":true,"href":"https:\/\/www.fuldaernachrichten.de\/index.php?rest_route=\/wp\/v2\/users\/1"}],"replies":[{"embeddable":true,"href":"https:\/\/www.fuldaernachrichten.de\/index.php?rest_route=%2Fwp%2Fv2%2Fcomments&post=135816"}],"version-history":[{"count":1,"href":"https:\/\/www.fuldaernachrichten.de\/index.php?rest_route=\/wp\/v2\/posts\/135816\/revisions"}],"predecessor-version":[{"id":135817,"href":"https:\/\/www.fuldaernachrichten.de\/index.php?rest_route=\/wp\/v2\/posts\/135816\/revisions\/135817"}],"wp:attachment":[{"href":"https:\/\/www.fuldaernachrichten.de\/index.php?rest_route=%2Fwp%2Fv2%2Fmedia&parent=135816"}],"wp:term":[{"taxonomy":"category","embeddable":true,"href":"https:\/\/www.fuldaernachrichten.de\/index.php?rest_route=%2Fwp%2Fv2%2Fcategories&post=135816"},{"taxonomy":"post_tag","embeddable":true,"href":"https:\/\/www.fuldaernachrichten.de\/index.php?rest_route=%2Fwp%2Fv2%2Ftags&post=135816"}],"curies":[{"name":"wp","href":"https:\/\/api.w.org\/{rel}","templated":true}]}}