{"id":135811,"date":"2015-03-04T10:58:10","date_gmt":"2015-03-04T09:58:10","guid":{"rendered":"http:\/\/www.fuldaer-nachrichten.de\/?p=135811"},"modified":"2015-03-04T10:58:10","modified_gmt":"2015-03-04T09:58:10","slug":"kuechenparty-im-hotel-restaurant-peterchens-mondfahrt","status":"publish","type":"post","link":"https:\/\/www.fuldaernachrichten.de\/?p=135811","title":{"rendered":"K\u00fcchenparty im Hotel-Restaurant Peterchens Mondfahrt"},"content":{"rendered":"<p>Blick hinter die Kulissen: Das Team des Hotel-Restaurants Peterchens Mondfahrt mit K\u00fcchenchefin Yvonne Kollmann l\u00e4dt gemeinsam mit den beiden Gastk\u00f6chen Bj\u00f6rn Leist, von Leist-Sonne-Engel in Hilders und Christian Steska von Christan &#038; Friends Tastekitchen aus Fulda zur K\u00fcchenparty am Freitag, 13. M\u00e4rz auf die Wasserkuppe ein. <\/p>\n<p>Das Besondere dieser Veranstaltung: Die G\u00e4ste k\u00f6nnen sich aktiv an den Zubereitungen in der K\u00fcche beteiligen und gleicherma\u00dfen einen Blick \u00fcber die Schultern der K\u00f6che werfen. Mit von der Partie ist ein Destillateur von \u201eBold\u00e2\u20ac\u2122s Schnapsideen\u201c aus Wartmannsroth. Die G\u00e4ste erhalten Informationen vom Kirschlik\u00f6r bis zum Obstbrand und haben selbstverst\u00e4ndlich die M\u00f6glichkeit, verschiedene Spirituosen zu verkosten. Auch Weinliebhaber kommen an diesem Abend nicht zu kurz: Das Team des Weinguts H\u00fcmmler aus der \u00e4ltesten Weinstadt Frankens \u2013 Hammelburg \u2013 stellt verschiedene Rebsorten aus ihrem Sortiment vor. Anmeldungen werden unter der Telefonnummer 06654\/381 entgegengenommen. <\/p>\n<p>Zum Bild: Tipps und Tricks von drei Kochexperten: Christian Steska, Ivonne Kollmann und Bj\u00f6rn Leist (v.l.). <\/p>\n","protected":false},"excerpt":{"rendered":"<div class=\"tmnf_excerpt\"><p>Blick hinter die Kulissen: Das Team des Hotel-Restaurants Peterchens Mondfahrt mit K\u00fcchenchefin Yvonne Kollmann l\u00e4dt gemeinsam mit den beiden Gastk\u00f6chen Bj\u00f6rn Leist, von Leist-Sonne-Engel in Hilders und Christian Steska von Christan &#038; Friends Tastekitchen aus Fulda zur K\u00fcchenparty am Freitag, 13. M\u00e4rz auf die Wasserkuppe ein. Das Besondere dieser Veranstaltung: Die G\u00e4ste k\u00f6nnen sich aktiv &hellip;<\/p>\n<\/div>","protected":false},"author":1,"featured_media":135812,"comment_status":"closed","ping_status":"closed","sticky":false,"template":"","format":"standard","meta":{"footnotes":""},"categories":[1,37],"tags":[],"class_list":["post-135811","post","type-post","status-publish","format-standard","has-post-thumbnail","hentry","category-startseite","category-essen-und-trinken"],"_links":{"self":[{"href":"https:\/\/www.fuldaernachrichten.de\/index.php?rest_route=\/wp\/v2\/posts\/135811","targetHints":{"allow":["GET"]}}],"collection":[{"href":"https:\/\/www.fuldaernachrichten.de\/index.php?rest_route=\/wp\/v2\/posts"}],"about":[{"href":"https:\/\/www.fuldaernachrichten.de\/index.php?rest_route=\/wp\/v2\/types\/post"}],"author":[{"embeddable":true,"href":"https:\/\/www.fuldaernachrichten.de\/index.php?rest_route=\/wp\/v2\/users\/1"}],"replies":[{"embeddable":true,"href":"https:\/\/www.fuldaernachrichten.de\/index.php?rest_route=%2Fwp%2Fv2%2Fcomments&post=135811"}],"version-history":[{"count":1,"href":"https:\/\/www.fuldaernachrichten.de\/index.php?rest_route=\/wp\/v2\/posts\/135811\/revisions"}],"predecessor-version":[{"id":135813,"href":"https:\/\/www.fuldaernachrichten.de\/index.php?rest_route=\/wp\/v2\/posts\/135811\/revisions\/135813"}],"wp:featuredmedia":[{"embeddable":true,"href":"https:\/\/www.fuldaernachrichten.de\/index.php?rest_route=\/wp\/v2\/media\/135812"}],"wp:attachment":[{"href":"https:\/\/www.fuldaernachrichten.de\/index.php?rest_route=%2Fwp%2Fv2%2Fmedia&parent=135811"}],"wp:term":[{"taxonomy":"category","embeddable":true,"href":"https:\/\/www.fuldaernachrichten.de\/index.php?rest_route=%2Fwp%2Fv2%2Fcategories&post=135811"},{"taxonomy":"post_tag","embeddable":true,"href":"https:\/\/www.fuldaernachrichten.de\/index.php?rest_route=%2Fwp%2Fv2%2Ftags&post=135811"}],"curies":[{"name":"wp","href":"https:\/\/api.w.org\/{rel}","templated":true}]}}