{"id":135785,"date":"2015-03-03T16:11:49","date_gmt":"2015-03-03T15:11:49","guid":{"rendered":"http:\/\/www.fuldaer-nachrichten.de\/?p=135785"},"modified":"2015-03-03T16:11:49","modified_gmt":"2015-03-03T15:11:49","slug":"geistliches-konzert-des-st-petersburger-vokalensemble-harmonie-am-08-03","status":"publish","type":"post","link":"https:\/\/www.fuldaernachrichten.de\/?p=135785","title":{"rendered":"Geistliches Konzert des St. Petersburger Vokalensemble \u201eHarmonie\u201c am 08.03."},"content":{"rendered":"<p>Am kommenden Sonntag, 8. M\u00e4rz um 16 Uhr singt das St. Petersburger Vokalensemble \u201eHarmonie\u201c ein geistliches Konzert in der Klosterkirche H\u00fcnfeld.<\/p>\n<p>Das Ensemble (seit 1995 ) unter der Leitung von Alexander Andrianov (Dirigent, S\u00e4nger, Komponist und vormaliger Inhaber der Professur f\u00fcr Chordirigieren an der St. Petersburger Musikhochschule) bereist zweimal im Jahr Deutschland und gibt in vielen St\u00e4dten bundesweit Konzerte. Es gibt russische geistliche und weltliche Chormusik vom 14. Jahrhundert bis zur Moderne. \u201eHarmonie\u201c \u00fcberzeugt durch sein kultiviertes Stimmpotential, seine Klangsch\u00f6nheit und sein \u00fcberw\u00e4ltigendes Klangspektrum, sowohl im Gesamtklang des Ensembles, als auch bei seinen zahlreichen solistischen Vortr\u00e4gen.<\/p>\n<p>Freier Eintritt, um eine angemessene T\u00fcrkollekte f\u00fcr die K\u00fcnstler wird gebeten.<\/p>\n","protected":false},"excerpt":{"rendered":"<div class=\"tmnf_excerpt\"><p>Am kommenden Sonntag, 8. M\u00e4rz um 16 Uhr singt das St. Petersburger Vokalensemble \u201eHarmonie\u201c ein geistliches Konzert in der Klosterkirche H\u00fcnfeld. Das Ensemble (seit 1995 ) unter der Leitung von Alexander Andrianov (Dirigent, S\u00e4nger, Komponist und vormaliger Inhaber der Professur f\u00fcr Chordirigieren an der St. Petersburger Musikhochschule) bereist zweimal im Jahr Deutschland und gibt in &hellip;<\/p>\n<\/div>","protected":false},"author":1,"featured_media":0,"comment_status":"closed","ping_status":"closed","sticky":false,"template":"","format":"standard","meta":{"footnotes":""},"categories":[1,50,44],"tags":[],"class_list":["post-135785","post","type-post","status-publish","format-standard","hentry","category-startseite","category-kirche","category-kultur"],"_links":{"self":[{"href":"https:\/\/www.fuldaernachrichten.de\/index.php?rest_route=\/wp\/v2\/posts\/135785","targetHints":{"allow":["GET"]}}],"collection":[{"href":"https:\/\/www.fuldaernachrichten.de\/index.php?rest_route=\/wp\/v2\/posts"}],"about":[{"href":"https:\/\/www.fuldaernachrichten.de\/index.php?rest_route=\/wp\/v2\/types\/post"}],"author":[{"embeddable":true,"href":"https:\/\/www.fuldaernachrichten.de\/index.php?rest_route=\/wp\/v2\/users\/1"}],"replies":[{"embeddable":true,"href":"https:\/\/www.fuldaernachrichten.de\/index.php?rest_route=%2Fwp%2Fv2%2Fcomments&post=135785"}],"version-history":[{"count":1,"href":"https:\/\/www.fuldaernachrichten.de\/index.php?rest_route=\/wp\/v2\/posts\/135785\/revisions"}],"predecessor-version":[{"id":135786,"href":"https:\/\/www.fuldaernachrichten.de\/index.php?rest_route=\/wp\/v2\/posts\/135785\/revisions\/135786"}],"wp:attachment":[{"href":"https:\/\/www.fuldaernachrichten.de\/index.php?rest_route=%2Fwp%2Fv2%2Fmedia&parent=135785"}],"wp:term":[{"taxonomy":"category","embeddable":true,"href":"https:\/\/www.fuldaernachrichten.de\/index.php?rest_route=%2Fwp%2Fv2%2Fcategories&post=135785"},{"taxonomy":"post_tag","embeddable":true,"href":"https:\/\/www.fuldaernachrichten.de\/index.php?rest_route=%2Fwp%2Fv2%2Ftags&post=135785"}],"curies":[{"name":"wp","href":"https:\/\/api.w.org\/{rel}","templated":true}]}}