{"id":135782,"date":"2015-03-03T16:10:46","date_gmt":"2015-03-03T15:10:46","guid":{"rendered":"http:\/\/www.fuldaer-nachrichten.de\/?p=135782"},"modified":"2015-03-03T16:10:46","modified_gmt":"2015-03-03T15:10:46","slug":"kreisbeihilfe-zum-erhalt-eines-fachwerkhauses-in-langenschwarz","status":"publish","type":"post","link":"https:\/\/www.fuldaernachrichten.de\/?p=135782","title":{"rendered":"Kreisbeihilfe zum Erhalt eines Fachwerkhauses in Langenschwarz"},"content":{"rendered":"<p>Denkmalschutz und moderne Technologie m\u00fcssen einander nicht ausschlie\u00dfen: Im Ortsmittelpunkt von Langenschwarz veranschaulicht das sanierte Geb\u00e4ude einer ehemaligen Gastwirtschaft, wie dank erneuerbarer Energien bestehende Strukturen ohne Einbu\u00dfen an Lebensqualit\u00e4t erhalten bleiben k\u00f6nnen.<\/p>\n<p>Gut erhaltene Fachwerkh\u00e4user sind eine Zierde: Das lebhafte Gef\u00fcge mit Mannfiguren zur Aussteifung und Andreaskreuzen in den Br\u00fcstungsgefachen des Erdgeschosses veranschaulicht den Handwerksstolz, mit dem vor Beginn der Industrialisierung Fachwerkh\u00e4user k\u00fcnstlerisch ausgestaltet wurden. Regional variierende Schmuckformen erlauben eine genauere Einordnung des Ensembles. Das 1799 errichtete Wohnhaus mit angrenzendem Wirtschaftsgeb\u00e4ude war bis 1945 als Gastwirtschaft genutzt worden. Zur Sanierung wurden traditionelle Materialien verwandt: \u201e17 Tonnen Lehm mussten ins Geb\u00e4ude geschafft werden. Das Fachwerk besteht \u00fcberwiegend aus Eichenholz, der Innenausbau wurde mit Lehm und Holzfaserd\u00e4mmplatten realisiert\u201c, erkl\u00e4rt Besitzer Andreas Schmier, der das Geb\u00e4ude im Jahr 2012 erworben hat. In Zusammenarbeit mit der unteren Denkmalschutzbeh\u00f6rde des Landkreises Fulda wurde die Sanierung vorgenommen, um den Charakter und die Anmutung des historischen Haues zu erhalten. Die Besonderheit: \u201eWir haben eine Luftw\u00e4rmepumpe verbaut, um den Bedarf an Heizenergie und Warmwasser zu decken. Durch die Installation von Wandheizungen kann die historische Atmosph\u00e4re erhalten werden\u201c, erkl\u00e4rt Schmier. Der \u00dcberstand des Sparrendachs konnte durch keilf\u00f6rmige Aufschieblinge realisiert werden. Die Grundsanierung des Fachwerkhauses wurde durch eine Kreisbeihilfe in H\u00f6he von 2440 Euro bezuschusst.<\/p>\n","protected":false},"excerpt":{"rendered":"<div class=\"tmnf_excerpt\"><p>Denkmalschutz und moderne Technologie m\u00fcssen einander nicht ausschlie\u00dfen: Im Ortsmittelpunkt von Langenschwarz veranschaulicht das sanierte Geb\u00e4ude einer ehemaligen Gastwirtschaft, wie dank erneuerbarer Energien bestehende Strukturen ohne Einbu\u00dfen an Lebensqualit\u00e4t erhalten bleiben k\u00f6nnen. Gut erhaltene Fachwerkh\u00e4user sind eine Zierde: Das lebhafte Gef\u00fcge mit Mannfiguren zur Aussteifung und Andreaskreuzen in den Br\u00fcstungsgefachen des Erdgeschosses veranschaulicht den Handwerksstolz, &hellip;<\/p>\n<\/div>","protected":false},"author":1,"featured_media":135783,"comment_status":"closed","ping_status":"closed","sticky":false,"template":"","format":"standard","meta":{"footnotes":""},"categories":[1,29],"tags":[],"class_list":["post-135782","post","type-post","status-publish","format-standard","has-post-thumbnail","hentry","category-startseite","category-politik"],"_links":{"self":[{"href":"https:\/\/www.fuldaernachrichten.de\/index.php?rest_route=\/wp\/v2\/posts\/135782","targetHints":{"allow":["GET"]}}],"collection":[{"href":"https:\/\/www.fuldaernachrichten.de\/index.php?rest_route=\/wp\/v2\/posts"}],"about":[{"href":"https:\/\/www.fuldaernachrichten.de\/index.php?rest_route=\/wp\/v2\/types\/post"}],"author":[{"embeddable":true,"href":"https:\/\/www.fuldaernachrichten.de\/index.php?rest_route=\/wp\/v2\/users\/1"}],"replies":[{"embeddable":true,"href":"https:\/\/www.fuldaernachrichten.de\/index.php?rest_route=%2Fwp%2Fv2%2Fcomments&post=135782"}],"version-history":[{"count":1,"href":"https:\/\/www.fuldaernachrichten.de\/index.php?rest_route=\/wp\/v2\/posts\/135782\/revisions"}],"predecessor-version":[{"id":135784,"href":"https:\/\/www.fuldaernachrichten.de\/index.php?rest_route=\/wp\/v2\/posts\/135782\/revisions\/135784"}],"wp:featuredmedia":[{"embeddable":true,"href":"https:\/\/www.fuldaernachrichten.de\/index.php?rest_route=\/wp\/v2\/media\/135783"}],"wp:attachment":[{"href":"https:\/\/www.fuldaernachrichten.de\/index.php?rest_route=%2Fwp%2Fv2%2Fmedia&parent=135782"}],"wp:term":[{"taxonomy":"category","embeddable":true,"href":"https:\/\/www.fuldaernachrichten.de\/index.php?rest_route=%2Fwp%2Fv2%2Fcategories&post=135782"},{"taxonomy":"post_tag","embeddable":true,"href":"https:\/\/www.fuldaernachrichten.de\/index.php?rest_route=%2Fwp%2Fv2%2Ftags&post=135782"}],"curies":[{"name":"wp","href":"https:\/\/api.w.org\/{rel}","templated":true}]}}