{"id":13578,"date":"2008-11-07T00:30:15","date_gmt":"2008-11-06T23:30:15","guid":{"rendered":"http:\/\/www.schoene-nachrichten.de\/?p=13578"},"modified":"2008-11-06T22:47:00","modified_gmt":"2008-11-06T21:47:00","slug":"weltdiabetestag-2008-seminare-vortraege-und-diabetes-parcours-im-hjk","status":"publish","type":"post","link":"https:\/\/www.fuldaernachrichten.de\/?p=13578","title":{"rendered":"Weltdiabetestag 2008 &#8211; Seminare, Vortr\u00e4ge und Diabetes-Parcours im HJK"},"content":{"rendered":"<p><strong>Fulda.<\/strong> Am 14. November wird allj\u00e4hrlich der Weltdiabetestag begangen. Er steht in diesem Jahr wie schon in 2007 unter dem Motto \u201eDiabetes bei Kindern und Jugendlichen\u201c. Diabetes im Kindes- und Jugendalter stellt f\u00fcr die Betroffenen und deren Familien eine besondere Belastung dar, denn die Krankheit kann den Alltag ma\u00dfgeblich bestimmen und zu Problemen in der Schule oder der Familie f\u00fchren. <!--more--><br \/>\nWie Betroffene trotz ihrer Erkrankung ein Leben mit m\u00f6glichst wenig Einschr\u00e4nkungen und Belastungen f\u00fchren k\u00f6nnen, ist eine Frage, die am Weltdiabetestag im Rahmen verschiedenster Veranstaltungen und Aktionen beantwortet werden soll.<\/p>\n<p><strong>Als anerkannter Schwerpunkt f\u00fcr Diabetologie beteiligt sich die Abteilung Allgemeine Innere Medizin des Herz-Jesu-Krankenhauses (HJK) in Kooperation mit dem Diabetesnetz Osthessen an der Weltdiabetestag-Kampagne und l\u00e4dt bereits am Mittwoch, dem 12. November 2008, zu einer Informationsveranstaltung mit Seminaren, Vortr\u00e4gen und Diabetes-Parcours in das HJK ein.<\/strong><\/p>\n<p>Ab 14.00 Uhr k\u00f6nnen die Besucher den Diabetes-Parcours mit Bestimmung der Risikofaktoren (BMI und Bauchumfang), Blutzucker- und Blutdruckmessung, Fu\u00dfinspektion, Fu\u00dfdruckmessung, Bewegungsspiel und Ern\u00e4hrungsberatung absolvieren. Um 15.00 und 17.00 Uhr findet ein \u201eSchnupperkurs Insulinpumpe\u201c statt. Um 16.00 Uhr startet das Seminar \u201eDiabetes in Schule, Kindergarten und Freizeit \u2013 das kleine Einmaleins f\u00fcr Lehrer, Kinderg\u00e4rtnerinnen und Betreuer\u201c.<\/p>\n<p><strong>Null Bock auf Diabetes?!<\/strong><br \/>\nZum Thema \u201eNull Bock auf Diabetes?! Motivationsprobleme bei Diabetes mellitus in der Pubert\u00e4t\u201c referiert der Chefarzt der Abteilung Kinder- und Jugendpsychiatrie und -psychotherapie, PD Dr. Frank Theisen, um 17.30 Uhr. Daran schlie\u00dft sich um 18.00 Uhr der Vortrag des Psychotherapeuten Gideon Frank zum Thema \u201eWenn Diabetes l\u00e4stig wird &#8211; Motivationsprobleme bei Erwachsenen\u201c an. Dr. Thomas G\u00fcnther, Internist und Diabetologe, informiert um 18.30 Uhr \u00fcber Neues in der Diabetestherapie. Die kostenlose Informationsveranstaltung endet voraussichtlich gegen 19.00 Uhr.<\/p>\n<p><strong>Zahlen: <\/strong><br \/>\nIn Deutschland sind 5 Millionen Menschen mit Diabetes mellitus bekannt. Zus\u00e4tzlich rechnet man mit 2 bis 3 Millionen bisher nichtdiagnostizierten F\u00e4llen. \u00dcber 90 Prozent haben einen Typ-2-Diabetes. Diese Diabetesform ist meist mit \u00dcbergewicht, Bluthochdruck und Fettstoffwechselst\u00f6rungen verbunden. 250.000 Menschen in Deutschland haben einen Typ-1-Diabetes, der immer mit Insulin behandelt werden muss.<\/p>\n<p>Sch\u00e4tzungen zufolge erkranken weltweit j\u00e4hrlich 70.000 Kinder unter 15 Jahren an Typ-1-Diabetes. Da viele Kinder und Jugendliche \u00fcbergewichtig sind, h\u00e4uft sich in dieser Altersgruppe auch der Typ 2-Diabetes, der fr\u00fcher in der Regel erst nach dem 50. Lebensjahr auftrat und als \u201eAltersdiabetes\u201c bezeichnet wurde. Experten rechnen damit, dass die Zahl der Typ-2-Diabetes-Erkrankungen bei Kindern innerhalb der n\u00e4chsten 15 Jahre weltweit um bis zu 50 Prozent ansteigen wird.<\/p>\n","protected":false},"excerpt":{"rendered":"<div class=\"tmnf_excerpt\"><p>Fulda. Am 14. November wird allj\u00e4hrlich der Weltdiabetestag begangen. Er steht in diesem Jahr wie schon in 2007 unter dem Motto \u201eDiabetes bei Kindern und Jugendlichen\u201c. Diabetes im Kindes- und Jugendalter stellt f\u00fcr die Betroffenen und deren Familien eine besondere Belastung dar, denn die Krankheit kann den Alltag ma\u00dfgeblich bestimmen und zu Problemen in der &hellip;<\/p>\n<\/div>","protected":false},"author":1,"featured_media":0,"comment_status":"closed","ping_status":"closed","sticky":false,"template":"","format":"standard","meta":{"footnotes":""},"categories":[1,51,48],"tags":[],"class_list":["post-13578","post","type-post","status-publish","format-standard","hentry","category-startseite","category-medizin","category-forschung"],"_links":{"self":[{"href":"https:\/\/www.fuldaernachrichten.de\/index.php?rest_route=\/wp\/v2\/posts\/13578","targetHints":{"allow":["GET"]}}],"collection":[{"href":"https:\/\/www.fuldaernachrichten.de\/index.php?rest_route=\/wp\/v2\/posts"}],"about":[{"href":"https:\/\/www.fuldaernachrichten.de\/index.php?rest_route=\/wp\/v2\/types\/post"}],"author":[{"embeddable":true,"href":"https:\/\/www.fuldaernachrichten.de\/index.php?rest_route=\/wp\/v2\/users\/1"}],"replies":[{"embeddable":true,"href":"https:\/\/www.fuldaernachrichten.de\/index.php?rest_route=%2Fwp%2Fv2%2Fcomments&post=13578"}],"version-history":[{"count":2,"href":"https:\/\/www.fuldaernachrichten.de\/index.php?rest_route=\/wp\/v2\/posts\/13578\/revisions"}],"predecessor-version":[{"id":13595,"href":"https:\/\/www.fuldaernachrichten.de\/index.php?rest_route=\/wp\/v2\/posts\/13578\/revisions\/13595"}],"wp:attachment":[{"href":"https:\/\/www.fuldaernachrichten.de\/index.php?rest_route=%2Fwp%2Fv2%2Fmedia&parent=13578"}],"wp:term":[{"taxonomy":"category","embeddable":true,"href":"https:\/\/www.fuldaernachrichten.de\/index.php?rest_route=%2Fwp%2Fv2%2Fcategories&post=13578"},{"taxonomy":"post_tag","embeddable":true,"href":"https:\/\/www.fuldaernachrichten.de\/index.php?rest_route=%2Fwp%2Fv2%2Ftags&post=13578"}],"curies":[{"name":"wp","href":"https:\/\/api.w.org\/{rel}","templated":true}]}}