{"id":135778,"date":"2015-03-03T16:09:06","date_gmt":"2015-03-03T15:09:06","guid":{"rendered":"http:\/\/www.fuldaer-nachrichten.de\/?p=135778"},"modified":"2015-03-03T16:09:06","modified_gmt":"2015-03-03T15:09:06","slug":"fast-525-000-uebernachtungen-in-der-barockstadt","status":"publish","type":"post","link":"https:\/\/www.fuldaernachrichten.de\/?p=135778","title":{"rendered":"Fast 525.000 \u00dcbernachtungen in der Barockstadt"},"content":{"rendered":"<p>Die Stadt Fulda ist beliebt, so auch im Jahr 2014. Dank zahlreicher Kongresse aber auch vieler Sehensw\u00fcrdigkeiten registrierte die Barockstadt 524.911 \u00dcbernachtungen im vergangenen Jahr. So viele gab es noch nie.<\/p>\n<p>Die \u00dcbernachtungen sind um 2,0 Prozent im Vergleich zu 2013 gestiegen. Beliebte Monate waren Mai, Juli, September und Oktober.  \u201eDie Zahlen sprechen eine eindeutige Sprache: Fulda als Kongressstadt hat sich etabliert\u201c, sagt Oberb\u00fcrgermeister Gerhard M\u00f6ller.<\/p>\n<p>Doch auch der Tourismus ist in Fulda auf dem Vormarsch. Das Barockviertel mit dem Stadtschloss und dem Dom sowie die Innenstadt ziehen immer mehr Menschen an. \u201eFulda ist ein attraktives Ziel f\u00fcr St\u00e4dtereisen\u201c, so Oberb\u00fcrgermeister M\u00f6ller. Der Musicalsommer zeigt bereits im zweiten Jahr gro\u00dfe Wirkung, nicht nur bezogen auf die \u00dcbernachtungen. \u201eUnsere Stadtf\u00fchrungen werden immer beliebter. Wir haben im Jahr 2014 5329 F\u00fchrungen angeboten, das sind zw\u00f6lf Prozent mehr als im Jahr zuvor\u201c, erkl\u00e4rt Elisabeth Schrimpf, Leiterin der Touristikinformation.<\/p>\n<p>F\u00fcr Oberb\u00fcrgermeister M\u00f6ller ist die Bilanz durchweg positiv: \u201eMit unseren Sehensw\u00fcrdigkeiten, Tagungsorten und kulturellen Angeboten haben wir uns als hochattraktiven Ort entwickelt. Tourismus ist bereits sp\u00fcrbar und wird weiterhin unserer Stadt nachhaltig pr\u00e4gen.\u201c<\/p>\n","protected":false},"excerpt":{"rendered":"<div class=\"tmnf_excerpt\"><p>Die Stadt Fulda ist beliebt, so auch im Jahr 2014. Dank zahlreicher Kongresse aber auch vieler Sehensw\u00fcrdigkeiten registrierte die Barockstadt 524.911 \u00dcbernachtungen im vergangenen Jahr. So viele gab es noch nie. Die \u00dcbernachtungen sind um 2,0 Prozent im Vergleich zu 2013 gestiegen. Beliebte Monate waren Mai, Juli, September und Oktober. \u201eDie Zahlen sprechen eine eindeutige &hellip;<\/p>\n<\/div>","protected":false},"author":1,"featured_media":0,"comment_status":"closed","ping_status":"closed","sticky":false,"template":"","format":"standard","meta":{"footnotes":""},"categories":[1,52],"tags":[],"class_list":["post-135778","post","type-post","status-publish","format-standard","hentry","category-startseite","category-umwelt"],"_links":{"self":[{"href":"https:\/\/www.fuldaernachrichten.de\/index.php?rest_route=\/wp\/v2\/posts\/135778","targetHints":{"allow":["GET"]}}],"collection":[{"href":"https:\/\/www.fuldaernachrichten.de\/index.php?rest_route=\/wp\/v2\/posts"}],"about":[{"href":"https:\/\/www.fuldaernachrichten.de\/index.php?rest_route=\/wp\/v2\/types\/post"}],"author":[{"embeddable":true,"href":"https:\/\/www.fuldaernachrichten.de\/index.php?rest_route=\/wp\/v2\/users\/1"}],"replies":[{"embeddable":true,"href":"https:\/\/www.fuldaernachrichten.de\/index.php?rest_route=%2Fwp%2Fv2%2Fcomments&post=135778"}],"version-history":[{"count":1,"href":"https:\/\/www.fuldaernachrichten.de\/index.php?rest_route=\/wp\/v2\/posts\/135778\/revisions"}],"predecessor-version":[{"id":135779,"href":"https:\/\/www.fuldaernachrichten.de\/index.php?rest_route=\/wp\/v2\/posts\/135778\/revisions\/135779"}],"wp:attachment":[{"href":"https:\/\/www.fuldaernachrichten.de\/index.php?rest_route=%2Fwp%2Fv2%2Fmedia&parent=135778"}],"wp:term":[{"taxonomy":"category","embeddable":true,"href":"https:\/\/www.fuldaernachrichten.de\/index.php?rest_route=%2Fwp%2Fv2%2Fcategories&post=135778"},{"taxonomy":"post_tag","embeddable":true,"href":"https:\/\/www.fuldaernachrichten.de\/index.php?rest_route=%2Fwp%2Fv2%2Ftags&post=135778"}],"curies":[{"name":"wp","href":"https:\/\/api.w.org\/{rel}","templated":true}]}}