{"id":135770,"date":"2015-03-03T16:06:24","date_gmt":"2015-03-03T15:06:24","guid":{"rendered":"http:\/\/www.fuldaer-nachrichten.de\/?p=135770"},"modified":"2015-03-03T16:06:32","modified_gmt":"2015-03-03T15:06:32","slug":"berta-borowski-praesentiert-werke-im-mediana-pflegestift","status":"publish","type":"post","link":"https:\/\/www.fuldaernachrichten.de\/?p=135770","title":{"rendered":"Berta Borowski pr\u00e4sentiert Werke im Mediana Pflegestift"},"content":{"rendered":"<p>Die K\u00fcnstlerin Berta Borowski f\u00fchlt sich keinem Stil und Zeitgeist verpflichtet. Die Hobbymalerin arbeitet mit Aquarell- oder Acrylfarben, Kreide, Tusche oder Zeichenstift. Die Werke zeigen vorwiegend Gegenst\u00e4ndliches, Skurriles oder Kompositionen. Dar\u00fcber hinaus experimentiert die K\u00fcnstlerin gerne. Seit Donnerstag, 26.02.2015, als die Ausstellung mit einer Vernissage er\u00f6ffnet wurden, k\u00f6nnen sich Kunstliebhaber an ihren Werken im Mediana Pflegestift, Rangstra\u00dfe\/Ecke Martin-Luther-Platz erfreuen.<\/p>\n<p>Die Ausstellung ist bis einschl. 09. April, t\u00e4glich zwischen 9:00 Uhr und 17:00 Uhr ge\u00f6ffnet und f\u00fcr Besucher und G\u00e4ste auch mit \u00f6ffentlichen Verkehrsmitteln gut erreichbar.<\/p>\n<p>Zum Bild: Berta Borowski vor einem ihrer Werke gemeinsam mit Einrichtungsleiter Jens Czapek.<\/p>\n","protected":false},"excerpt":{"rendered":"<div class=\"tmnf_excerpt\"><p>Die K\u00fcnstlerin Berta Borowski f\u00fchlt sich keinem Stil und Zeitgeist verpflichtet. Die Hobbymalerin arbeitet mit Aquarell- oder Acrylfarben, Kreide, Tusche oder Zeichenstift. Die Werke zeigen vorwiegend Gegenst\u00e4ndliches, Skurriles oder Kompositionen. Dar\u00fcber hinaus experimentiert die K\u00fcnstlerin gerne. Seit Donnerstag, 26.02.2015, als die Ausstellung mit einer Vernissage er\u00f6ffnet wurden, k\u00f6nnen sich Kunstliebhaber an ihren Werken im Mediana &hellip;<\/p>\n<\/div>","protected":false},"author":1,"featured_media":135771,"comment_status":"closed","ping_status":"closed","sticky":false,"template":"","format":"standard","meta":{"footnotes":""},"categories":[1,44],"tags":[],"class_list":["post-135770","post","type-post","status-publish","format-standard","has-post-thumbnail","hentry","category-startseite","category-kultur"],"_links":{"self":[{"href":"https:\/\/www.fuldaernachrichten.de\/index.php?rest_route=\/wp\/v2\/posts\/135770","targetHints":{"allow":["GET"]}}],"collection":[{"href":"https:\/\/www.fuldaernachrichten.de\/index.php?rest_route=\/wp\/v2\/posts"}],"about":[{"href":"https:\/\/www.fuldaernachrichten.de\/index.php?rest_route=\/wp\/v2\/types\/post"}],"author":[{"embeddable":true,"href":"https:\/\/www.fuldaernachrichten.de\/index.php?rest_route=\/wp\/v2\/users\/1"}],"replies":[{"embeddable":true,"href":"https:\/\/www.fuldaernachrichten.de\/index.php?rest_route=%2Fwp%2Fv2%2Fcomments&post=135770"}],"version-history":[{"count":1,"href":"https:\/\/www.fuldaernachrichten.de\/index.php?rest_route=\/wp\/v2\/posts\/135770\/revisions"}],"predecessor-version":[{"id":135772,"href":"https:\/\/www.fuldaernachrichten.de\/index.php?rest_route=\/wp\/v2\/posts\/135770\/revisions\/135772"}],"wp:featuredmedia":[{"embeddable":true,"href":"https:\/\/www.fuldaernachrichten.de\/index.php?rest_route=\/wp\/v2\/media\/135771"}],"wp:attachment":[{"href":"https:\/\/www.fuldaernachrichten.de\/index.php?rest_route=%2Fwp%2Fv2%2Fmedia&parent=135770"}],"wp:term":[{"taxonomy":"category","embeddable":true,"href":"https:\/\/www.fuldaernachrichten.de\/index.php?rest_route=%2Fwp%2Fv2%2Fcategories&post=135770"},{"taxonomy":"post_tag","embeddable":true,"href":"https:\/\/www.fuldaernachrichten.de\/index.php?rest_route=%2Fwp%2Fv2%2Ftags&post=135770"}],"curies":[{"name":"wp","href":"https:\/\/api.w.org\/{rel}","templated":true}]}}