{"id":135766,"date":"2015-03-03T16:04:36","date_gmt":"2015-03-03T15:04:36","guid":{"rendered":"http:\/\/www.fuldaer-nachrichten.de\/?p=135766"},"modified":"2015-03-03T16:04:36","modified_gmt":"2015-03-03T15:04:36","slug":"aufruf-zum-osterputz-vereine-schule-und-buerger-koennen-sich-beteiligen","status":"publish","type":"post","link":"https:\/\/www.fuldaernachrichten.de\/?p=135766","title":{"rendered":"Aufruf zum Osterputz &#8211; Vereine, Schule und B\u00fcrger k\u00f6nnen sich beteiligen"},"content":{"rendered":"<p>In Zusammenarbeit mit der Schutzgemeinschaft Deutscher Wald ruft die Stadt H\u00fcnfeld zur 39. Osterputzaktion auf. Hauptaktionstage sollen in diesem Jahr nach Angaben von B\u00fcrgermeister Stefan Schwenk der 20. und 21. M\u00e4rz sein.<\/p>\n<p>Einen besonderen Schwerpunkt will die diesj\u00e4hrige Osterputzaktion auf Waldr\u00e4nder, Heckenraine und Radwege legen. Im H\u00fcnfelder Stadtgebiet k\u00f6nnen sich Vereine, Schulen, Institutionen und andere Gruppen in einem Zeitraum vom 7. M\u00e4rz bis 25. April beteiligen. Die Gruppen sollten sich bei der Stadtverwaltung, Kirsten Kl\u00fcber, Tel. 06652\/180-162, oder Stephanie Weber, Tel. 06652\/180-166, anmelden, damit die Reinigungseins\u00e4tze abgestimmt werden k\u00f6nnen und nicht verschiedene Gruppen an der gleichen Stelle reinigen.<\/p>\n<p>F\u00fcr das Einsammeln des Unrats werden kostenfrei S\u00e4cke und in begrenztem Umfang auch Handschuhe zur Verf\u00fcgung gestellt, die w\u00e4hrend der \u00d6ffnungszeiten im Rathaus, Zimmer 306, abgeholt werden k\u00f6nnen. Die S\u00e4cke mit dem eingesammelten M\u00fcll k\u00f6nnen dann am Wertstoffhof, Breitzbacher Weg, w\u00e4hrend der \u00d6ffnungszeiten dienstags und donnerstags jeweils von 15.30 bis 17.30 Uhr und samstags von 10 bis 15 Uhr in einem Container entsorgt werden. Au\u00dferhalb der \u00d6ffnungszeiten steht der st\u00e4dtische Bauhof von montags bis donnerstags, 7 bis 16 Uhr, und freitags von 7 bis 12 Uhr zur Verf\u00fcgung. Es wird dringend gebeten, den eingesammelten M\u00fcll nicht vor den Toren des Wertstoffhofs oder des Bauhofs au\u00dferhalb der \u00d6ffnungszeiten abzustellen. Gruppen, die teilnehmen wollen, werden gebeten, sich bis Freitag, 20. M\u00e4rz, mit Name, Ansprechpartner, Telefonnummer, Anzahl der Helfer und den vorgesehenen Bereich des Einsatzes anzumelden. Sollten f\u00fcr den Abtransport des M\u00fclls Ausnahmegenehmigungen f\u00fcr Kraftfahrzeuge erforderlich werden, so k\u00f6nnen diese ebenfalls \u00fcber die Stadtverwaltung, Verkehrsbeh\u00f6rde, Tel. 06652\/180-133, e-mail bastian.bayer@huenfeld.de, angefordert werden.<\/p>\n","protected":false},"excerpt":{"rendered":"<div class=\"tmnf_excerpt\"><p>In Zusammenarbeit mit der Schutzgemeinschaft Deutscher Wald ruft die Stadt H\u00fcnfeld zur 39. Osterputzaktion auf. Hauptaktionstage sollen in diesem Jahr nach Angaben von B\u00fcrgermeister Stefan Schwenk der 20. und 21. M\u00e4rz sein. Einen besonderen Schwerpunkt will die diesj\u00e4hrige Osterputzaktion auf Waldr\u00e4nder, Heckenraine und Radwege legen. Im H\u00fcnfelder Stadtgebiet k\u00f6nnen sich Vereine, Schulen, Institutionen und andere &hellip;<\/p>\n<\/div>","protected":false},"author":1,"featured_media":0,"comment_status":"closed","ping_status":"closed","sticky":false,"template":"","format":"standard","meta":{"footnotes":""},"categories":[1,72,52],"tags":[],"class_list":["post-135766","post","type-post","status-publish","format-standard","hentry","category-startseite","category-jugend","category-umwelt"],"_links":{"self":[{"href":"https:\/\/www.fuldaernachrichten.de\/index.php?rest_route=\/wp\/v2\/posts\/135766","targetHints":{"allow":["GET"]}}],"collection":[{"href":"https:\/\/www.fuldaernachrichten.de\/index.php?rest_route=\/wp\/v2\/posts"}],"about":[{"href":"https:\/\/www.fuldaernachrichten.de\/index.php?rest_route=\/wp\/v2\/types\/post"}],"author":[{"embeddable":true,"href":"https:\/\/www.fuldaernachrichten.de\/index.php?rest_route=\/wp\/v2\/users\/1"}],"replies":[{"embeddable":true,"href":"https:\/\/www.fuldaernachrichten.de\/index.php?rest_route=%2Fwp%2Fv2%2Fcomments&post=135766"}],"version-history":[{"count":1,"href":"https:\/\/www.fuldaernachrichten.de\/index.php?rest_route=\/wp\/v2\/posts\/135766\/revisions"}],"predecessor-version":[{"id":135767,"href":"https:\/\/www.fuldaernachrichten.de\/index.php?rest_route=\/wp\/v2\/posts\/135766\/revisions\/135767"}],"wp:attachment":[{"href":"https:\/\/www.fuldaernachrichten.de\/index.php?rest_route=%2Fwp%2Fv2%2Fmedia&parent=135766"}],"wp:term":[{"taxonomy":"category","embeddable":true,"href":"https:\/\/www.fuldaernachrichten.de\/index.php?rest_route=%2Fwp%2Fv2%2Fcategories&post=135766"},{"taxonomy":"post_tag","embeddable":true,"href":"https:\/\/www.fuldaernachrichten.de\/index.php?rest_route=%2Fwp%2Fv2%2Ftags&post=135766"}],"curies":[{"name":"wp","href":"https:\/\/api.w.org\/{rel}","templated":true}]}}