{"id":135759,"date":"2015-03-03T16:01:39","date_gmt":"2015-03-03T15:01:39","guid":{"rendered":"http:\/\/www.fuldaer-nachrichten.de\/?p=135759"},"modified":"2015-03-03T16:01:39","modified_gmt":"2015-03-03T15:01:39","slug":"neuer-werksleiter-von-procter-gamble-zu-besuch-im-rathaus","status":"publish","type":"post","link":"https:\/\/www.fuldaernachrichten.de\/?p=135759","title":{"rendered":"Neuer Werksleiter von Procter &#038; Gamble zu Besuch im Rathaus"},"content":{"rendered":"<p>Der neue Werksleiter von Procter &#038; Gamble in H\u00fcnfeld, Dr. Gerd G\u00f6bel, hat im Rahmen eines ersten Gespr\u00e4chs mit B\u00fcrgermeister Stefan Schwenk im H\u00fcnfelder Rathaus \u00fcber Perspektiven der Zusammenarbeit zwischen dem Unternehmen und der Stadt H\u00fcnfeld gesprochen. Gemeinsam mit dem HR-Manager des H\u00fcnfelder Werks, Rolf Werner, ging es dabei auch um Projekte, die durch die Wella-Kulturstiftung im Bereich der Kinder-und Jugendarbeit in H\u00fcnfeld gef\u00f6rdert werden.<\/p>\n<p>B\u00fcrgermeister Stefan Schwenk versicherte dem neuen Werksleiter, dass die Stadt auch weiterhin sehr flexibel und sehr schnell alle Vorhaben des Unternehmens unterst\u00fctzen wolle, um die Entwicklung des Standorts mit seinen rund 500 Besch\u00e4ftigten zu sichern.<\/p>\n<p>Der 50-j\u00e4hrige promovierte Ingenieur aus Bad Schwalbach leitete zuletzt die ebenfalls zum Unternehmen geh\u00f6rende Braun-Niederlassung in Minhang bei Shanghai in China. Der Vater von zwei Kindern ist seit 19 Jahren f\u00fcr Procter &#038; Gamble t\u00e4tig. Er trat am 1. Februar die Nachfolge von Johannes Legrand an, der im vergangenen Jahr das Unternehmen verlassen hatte.<\/p>\n<p>Zum Bild: HR-Manager Rolf Werner und der neue Werksleiter Dr.Gerd G\u00f6bel von Procter &#038; Gamble sowie B\u00fcrgermeister Stefan Schwenk.<\/p>\n","protected":false},"excerpt":{"rendered":"<div class=\"tmnf_excerpt\"><p>Der neue Werksleiter von Procter &#038; Gamble in H\u00fcnfeld, Dr. Gerd G\u00f6bel, hat im Rahmen eines ersten Gespr\u00e4chs mit B\u00fcrgermeister Stefan Schwenk im H\u00fcnfelder Rathaus \u00fcber Perspektiven der Zusammenarbeit zwischen dem Unternehmen und der Stadt H\u00fcnfeld gesprochen. Gemeinsam mit dem HR-Manager des H\u00fcnfelder Werks, Rolf Werner, ging es dabei auch um Projekte, die durch die &hellip;<\/p>\n<\/div>","protected":false},"author":1,"featured_media":135760,"comment_status":"closed","ping_status":"closed","sticky":false,"template":"","format":"standard","meta":{"footnotes":""},"categories":[1],"tags":[],"class_list":["post-135759","post","type-post","status-publish","format-standard","has-post-thumbnail","hentry","category-startseite"],"_links":{"self":[{"href":"https:\/\/www.fuldaernachrichten.de\/index.php?rest_route=\/wp\/v2\/posts\/135759","targetHints":{"allow":["GET"]}}],"collection":[{"href":"https:\/\/www.fuldaernachrichten.de\/index.php?rest_route=\/wp\/v2\/posts"}],"about":[{"href":"https:\/\/www.fuldaernachrichten.de\/index.php?rest_route=\/wp\/v2\/types\/post"}],"author":[{"embeddable":true,"href":"https:\/\/www.fuldaernachrichten.de\/index.php?rest_route=\/wp\/v2\/users\/1"}],"replies":[{"embeddable":true,"href":"https:\/\/www.fuldaernachrichten.de\/index.php?rest_route=%2Fwp%2Fv2%2Fcomments&post=135759"}],"version-history":[{"count":1,"href":"https:\/\/www.fuldaernachrichten.de\/index.php?rest_route=\/wp\/v2\/posts\/135759\/revisions"}],"predecessor-version":[{"id":135761,"href":"https:\/\/www.fuldaernachrichten.de\/index.php?rest_route=\/wp\/v2\/posts\/135759\/revisions\/135761"}],"wp:featuredmedia":[{"embeddable":true,"href":"https:\/\/www.fuldaernachrichten.de\/index.php?rest_route=\/wp\/v2\/media\/135760"}],"wp:attachment":[{"href":"https:\/\/www.fuldaernachrichten.de\/index.php?rest_route=%2Fwp%2Fv2%2Fmedia&parent=135759"}],"wp:term":[{"taxonomy":"category","embeddable":true,"href":"https:\/\/www.fuldaernachrichten.de\/index.php?rest_route=%2Fwp%2Fv2%2Fcategories&post=135759"},{"taxonomy":"post_tag","embeddable":true,"href":"https:\/\/www.fuldaernachrichten.de\/index.php?rest_route=%2Fwp%2Fv2%2Ftags&post=135759"}],"curies":[{"name":"wp","href":"https:\/\/api.w.org\/{rel}","templated":true}]}}