{"id":135757,"date":"2015-03-03T16:00:13","date_gmt":"2015-03-03T15:00:13","guid":{"rendered":"http:\/\/www.fuldaer-nachrichten.de\/?p=135757"},"modified":"2015-03-03T16:00:13","modified_gmt":"2015-03-03T15:00:13","slug":"wegen-reform-grosse-zeitnot-bei-landwirtschafts-foerderung","status":"publish","type":"post","link":"https:\/\/www.fuldaernachrichten.de\/?p=135757","title":{"rendered":"Wegen Reform gro\u00dfe Zeitnot bei Landwirtschafts-F\u00f6rderung"},"content":{"rendered":"<p>In diesem Jahr wird der Gemeinsame Antrag erst ab dem 24. M\u00e4rz 2015 verschickt. Darauf macht das Amt f\u00fcr den l\u00e4ndlichen Raum und Daseinsvorsorge in einer Pressemitteilung aufmerksam. Der letzte Tag der Antragsabgabe bleibt aber trotzdem der vorgeschriebene 15. Mai 2015. Somit steht f\u00fcr die Antragsabgabe extrem wenig Zeit zur Verf\u00fcgung. Die Antragsannahme muss in diesem Jahr daher mit Terminvergabe nach Gemeinden eingeteilt werden, um alle Antr\u00e4ge fristgerecht annehmen zu k\u00f6nnen. Die Termine k\u00f6nnen ab der zweiten M\u00e4rzwoche der \u00f6rtlichen Presse, dem Hessenbauer und der Internetseite des Vogelsbergkreises entnommen werden. Der erste Informationsabend ist bereits am Mittwoch, 4. M\u00e4rz in Alsfeld-Eudorf. Weitere Veranstaltungen in Lauterbach, Lautertal, Grebenhain und Homberg\/Ohm folgen.<\/p>\n<p>Das Bundesministerium f\u00fcr Ern\u00e4hrung und Landwirtschaft gibt eine Brosch\u00fcre \u201eUmsetzung der EU-Agrarreform in Deutschland\u201c mit allen notwendigen Informationen heraus, die gerade erschienen ist. Diese Brosch\u00fcre wurde vom Amt f\u00fcr den l\u00e4ndlichen Raum und Daseinsvorsorge bestellt und wird in diesen Tagen an die jeweiligen Ortslandwirte f\u00fcr alle ortsans\u00e4ssigen Antragsteller ausgeliefert. Dort kann diese Brosch\u00fcre dann zusammen mit weiteren Informationsbl\u00e4ttern des Amtes und des Amtes f\u00fcr Veterin\u00e4rwesen und Verbraucherschutz, welche die Ortslandwirte bereits erhalten haben, abgeholt werden bzw. wird von den Ortslandwirten verteilt.<\/p>\n<p>Erste Informationen zur GAP-Reform und zum Gemeinsamen Antrag werden vom Amt f\u00fcr den l\u00e4ndlichen Raum und Daseinsvorsorge am 4. M\u00e4rz in Eudorf im Hotel \u201eZur Schmiede\u201c und am 11. M\u00e4rz in Lauterbach im Posthotel Johannesberg im Rahmen von VLF-Veranstaltungen gegeben.<\/p>\n<p>Weitere Informationsveranstaltungen finden am 23. M\u00e4rz in Lautertal-Engelrod im Dorfgemeinschaftshaus, am 24. M\u00e4rz in Grebenhain-Bermuthshain im Landgasthof \u201eDeutsches Haus\u201c, am 25. M\u00e4rz in Homberg\/Ohm in der Gastst\u00e4tte \u201eFrankfurter Hof\u201c und am 26. M\u00e4rz in Schlitz-Queck im Landgasthof \u201eZur Linde\u201c statt. Beginn dieser Veranstaltungen ist jeweils 20.00 Uhr.<\/p>\n","protected":false},"excerpt":{"rendered":"<div class=\"tmnf_excerpt\"><p>In diesem Jahr wird der Gemeinsame Antrag erst ab dem 24. M\u00e4rz 2015 verschickt. Darauf macht das Amt f\u00fcr den l\u00e4ndlichen Raum und Daseinsvorsorge in einer Pressemitteilung aufmerksam. Der letzte Tag der Antragsabgabe bleibt aber trotzdem der vorgeschriebene 15. Mai 2015. Somit steht f\u00fcr die Antragsabgabe extrem wenig Zeit zur Verf\u00fcgung. Die Antragsannahme muss in &hellip;<\/p>\n<\/div>","protected":false},"author":1,"featured_media":0,"comment_status":"closed","ping_status":"closed","sticky":false,"template":"","format":"standard","meta":{"footnotes":""},"categories":[1],"tags":[],"class_list":["post-135757","post","type-post","status-publish","format-standard","hentry","category-startseite"],"_links":{"self":[{"href":"https:\/\/www.fuldaernachrichten.de\/index.php?rest_route=\/wp\/v2\/posts\/135757","targetHints":{"allow":["GET"]}}],"collection":[{"href":"https:\/\/www.fuldaernachrichten.de\/index.php?rest_route=\/wp\/v2\/posts"}],"about":[{"href":"https:\/\/www.fuldaernachrichten.de\/index.php?rest_route=\/wp\/v2\/types\/post"}],"author":[{"embeddable":true,"href":"https:\/\/www.fuldaernachrichten.de\/index.php?rest_route=\/wp\/v2\/users\/1"}],"replies":[{"embeddable":true,"href":"https:\/\/www.fuldaernachrichten.de\/index.php?rest_route=%2Fwp%2Fv2%2Fcomments&post=135757"}],"version-history":[{"count":1,"href":"https:\/\/www.fuldaernachrichten.de\/index.php?rest_route=\/wp\/v2\/posts\/135757\/revisions"}],"predecessor-version":[{"id":135758,"href":"https:\/\/www.fuldaernachrichten.de\/index.php?rest_route=\/wp\/v2\/posts\/135757\/revisions\/135758"}],"wp:attachment":[{"href":"https:\/\/www.fuldaernachrichten.de\/index.php?rest_route=%2Fwp%2Fv2%2Fmedia&parent=135757"}],"wp:term":[{"taxonomy":"category","embeddable":true,"href":"https:\/\/www.fuldaernachrichten.de\/index.php?rest_route=%2Fwp%2Fv2%2Fcategories&post=135757"},{"taxonomy":"post_tag","embeddable":true,"href":"https:\/\/www.fuldaernachrichten.de\/index.php?rest_route=%2Fwp%2Fv2%2Ftags&post=135757"}],"curies":[{"name":"wp","href":"https:\/\/api.w.org\/{rel}","templated":true}]}}