{"id":135744,"date":"2015-03-03T08:25:31","date_gmt":"2015-03-03T07:25:31","guid":{"rendered":"http:\/\/www.fuldaer-nachrichten.de\/?p=135744"},"modified":"2015-03-03T08:25:31","modified_gmt":"2015-03-03T07:25:31","slug":"spd-flieden-praesentiert-sich-mit-neuem-internetauftritt","status":"publish","type":"post","link":"https:\/\/www.fuldaernachrichten.de\/?p=135744","title":{"rendered":"SPD-Flieden pr\u00e4sentiert sich mit neuem Internetauftritt"},"content":{"rendered":"<p>Der bisherige Internetauftritt der SPD-Flieden war einfach nicht mehr zeitgem\u00e4\u00df. Die Berichte waren zwar aktuell, doch das gesamte Erscheinungsbild war im wahrsten Sinne des Wortes in die Jahre gekommen. Aus diesem Grund hat sich der Vorstand unter ma\u00dfgeblicher Beteiligung von Dirk Leitschuh auf die Suche nach einer modernen, kosteng\u00fcnstigen und leicht zu pflegenden Alternative umgeschaut.<\/p>\n<p>Gefunden wurde der  F\u00f6rderverein f\u00fcr regionale Entwicklung e.V., Am B\u00fcrohochhaus 2-4  in 14478 Potsdam. Es handelt sich um den gleichen Verein, den auch die Gemeinde Flieden bei der Neugestaltung ihrer Homepage zu Rate gezogen hat. Unterst\u00fctz wir das Ganze von dem F\u00f6rderprogramm \u201eFLIEDEN VERNETZT\u201c.<\/p>\n<p>Alle, die die Web-Seite www.spd-flieden.de  anklicken, haben nun auch die M\u00f6glichkeit, direkt mit einem digitalen Kontaktformular mit dem SPD-Ortsverein oder mit der SPD-Fraktion in Kontakt zu treten. Auch k\u00f6nnen die Nutzer das \u201eG\u00e4stebuch\u201c nutzen um Lob oder Kritik zu \u00fcben, aber auch  Anregungen zu geben und W\u00fcnsche zu \u00e4u\u00dfern. <\/p>\n<p>Unter \u201eLinks\u201c sind alle wichtigen heimischen Nachrichtenorgane aufgef\u00fchrt, welche ebenfalls direkt angeklickt werden k\u00f6nnen. <\/p>\n<p>Fliedens Sozialdemokraten freuen sich auf viel interessierte Nutzer ihrer neu gestalteten Homepage www.spd-flieden.de.<\/p>\n","protected":false},"excerpt":{"rendered":"<div class=\"tmnf_excerpt\"><p>Der bisherige Internetauftritt der SPD-Flieden war einfach nicht mehr zeitgem\u00e4\u00df. Die Berichte waren zwar aktuell, doch das gesamte Erscheinungsbild war im wahrsten Sinne des Wortes in die Jahre gekommen. Aus diesem Grund hat sich der Vorstand unter ma\u00dfgeblicher Beteiligung von Dirk Leitschuh auf die Suche nach einer modernen, kosteng\u00fcnstigen und leicht zu pflegenden Alternative umgeschaut. &hellip;<\/p>\n<\/div>","protected":false},"author":1,"featured_media":0,"comment_status":"closed","ping_status":"closed","sticky":false,"template":"","format":"standard","meta":{"footnotes":""},"categories":[1,29],"tags":[],"class_list":["post-135744","post","type-post","status-publish","format-standard","hentry","category-startseite","category-politik"],"_links":{"self":[{"href":"https:\/\/www.fuldaernachrichten.de\/index.php?rest_route=\/wp\/v2\/posts\/135744","targetHints":{"allow":["GET"]}}],"collection":[{"href":"https:\/\/www.fuldaernachrichten.de\/index.php?rest_route=\/wp\/v2\/posts"}],"about":[{"href":"https:\/\/www.fuldaernachrichten.de\/index.php?rest_route=\/wp\/v2\/types\/post"}],"author":[{"embeddable":true,"href":"https:\/\/www.fuldaernachrichten.de\/index.php?rest_route=\/wp\/v2\/users\/1"}],"replies":[{"embeddable":true,"href":"https:\/\/www.fuldaernachrichten.de\/index.php?rest_route=%2Fwp%2Fv2%2Fcomments&post=135744"}],"version-history":[{"count":1,"href":"https:\/\/www.fuldaernachrichten.de\/index.php?rest_route=\/wp\/v2\/posts\/135744\/revisions"}],"predecessor-version":[{"id":135745,"href":"https:\/\/www.fuldaernachrichten.de\/index.php?rest_route=\/wp\/v2\/posts\/135744\/revisions\/135745"}],"wp:attachment":[{"href":"https:\/\/www.fuldaernachrichten.de\/index.php?rest_route=%2Fwp%2Fv2%2Fmedia&parent=135744"}],"wp:term":[{"taxonomy":"category","embeddable":true,"href":"https:\/\/www.fuldaernachrichten.de\/index.php?rest_route=%2Fwp%2Fv2%2Fcategories&post=135744"},{"taxonomy":"post_tag","embeddable":true,"href":"https:\/\/www.fuldaernachrichten.de\/index.php?rest_route=%2Fwp%2Fv2%2Ftags&post=135744"}],"curies":[{"name":"wp","href":"https:\/\/api.w.org\/{rel}","templated":true}]}}