{"id":135742,"date":"2015-03-03T08:24:29","date_gmt":"2015-03-03T07:24:29","guid":{"rendered":"http:\/\/www.fuldaer-nachrichten.de\/?p=135742"},"modified":"2015-03-03T08:24:29","modified_gmt":"2015-03-03T07:24:29","slug":"3-klinischer-ernaehrungstag-ernaehrung-beim-geriatrischen-patienten","status":"publish","type":"post","link":"https:\/\/www.fuldaernachrichten.de\/?p=135742","title":{"rendered":"&#8220;3. Klinischer Ern\u00e4hrungstag\u201c  &#8211; Ern\u00e4hrung beim geriatrischen Patienten"},"content":{"rendered":"<p>F\u00fcr Patienten, \u00c4rzte, Pflegende und  Interessierte bietet das Klinikum Fulda am 11. M\u00e4rz 2015, von 10.00 bis 16.00 ein umfangreiches Programm zu dem Thema \u201eErn\u00e4hrung beim geriatrischen Patienten\u201c. <\/p>\n<p>Mangelern\u00e4hrung und chronisches Untergewicht sind besonders beim alten (geriatrischen) Patienten keine Seltenheit. Daf\u00fcr kommen viele Ursachen &#8211; von Antriebsarmut bis zur \u00dcbermedikation &#8211; in Frage. Um den Krankheitsverlauf sowie die Lebensqualit\u00e4t der betroffenen Patienten positiv zu beeinflussen, ist der Erhalt eines guten Ern\u00e4hrungszustandes und ganz besonders der Muskelmasse \u00e4u\u00dferst wichtig.<\/p>\n<p>Im Rahmen der Veranstaltung wird vermittelt, wie eine Mangelern\u00e4hrung fr\u00fchzeitig erkannt und was dagegen getan werden kann. Eine M\u00f6glichkeit stellt die Anreicherung der oralen Kost oder der Gabe von Trinknahrung dar. Sind derartige Ma\u00dfnahmen nicht ausreichend oder nicht m\u00f6glich, z.B. aufgrund von Schluckst\u00f6rungen, kann eine Ern\u00e4hrung \u00fcber Sonde oder eine parenterale Ern\u00e4hrung in Erw\u00e4gung gezogen werden. Die \u00d6kotrophologin Frau Karen Amerschl\u00e4ger (Praxis f\u00fcr Ern\u00e4hrung) h\u00e4lt einen Vortrag \u00fcber \u201eMangelern\u00e4hrung im Alter \u2013 wann m\u00fcssen wir handeln?\u201c. Anschlie\u00dfend geht Prof. Dr. Roland Radziwill, Apotheke und Ern\u00e4hrungszentrum am Klinikum Fulda, in seinem Vortrag auf den Einfluss von Arzneimitten auf den Ern\u00e4hrungszustand ein.  \u201eIm Rahmen der Veranstaltung  m\u00f6chten wir \u00c4rzten, Pflegenden, Patienten und Angeh\u00f6rigen die verschiedenen M\u00f6glichkeiten vorstellen und \u00fcber den Umgang mit Produkten und Zubeh\u00f6r im Ern\u00e4hrungsbereich informieren\u201c, erl\u00e4utert Prof. Dr. Radziwill. Auf dem Programm steht u.a. ein \u201eErn\u00e4hrungs-Parcour\u201c, den die Teilnehmer durchlaufen k\u00f6nnen. <\/p>\n<p>Weitere Informationen erhalten Sie unter Telefon: (0661) 84-6601 oder 84-6601.<\/p>\n","protected":false},"excerpt":{"rendered":"<div class=\"tmnf_excerpt\"><p>F\u00fcr Patienten, \u00c4rzte, Pflegende und Interessierte bietet das Klinikum Fulda am 11. M\u00e4rz 2015, von 10.00 bis 16.00 ein umfangreiches Programm zu dem Thema \u201eErn\u00e4hrung beim geriatrischen Patienten\u201c. Mangelern\u00e4hrung und chronisches Untergewicht sind besonders beim alten (geriatrischen) Patienten keine Seltenheit. Daf\u00fcr kommen viele Ursachen &#8211; von Antriebsarmut bis zur \u00dcbermedikation &#8211; in Frage. Um den &hellip;<\/p>\n<\/div>","protected":false},"author":1,"featured_media":0,"comment_status":"closed","ping_status":"closed","sticky":false,"template":"","format":"standard","meta":{"footnotes":""},"categories":[1,51],"tags":[],"class_list":["post-135742","post","type-post","status-publish","format-standard","hentry","category-startseite","category-medizin"],"_links":{"self":[{"href":"https:\/\/www.fuldaernachrichten.de\/index.php?rest_route=\/wp\/v2\/posts\/135742","targetHints":{"allow":["GET"]}}],"collection":[{"href":"https:\/\/www.fuldaernachrichten.de\/index.php?rest_route=\/wp\/v2\/posts"}],"about":[{"href":"https:\/\/www.fuldaernachrichten.de\/index.php?rest_route=\/wp\/v2\/types\/post"}],"author":[{"embeddable":true,"href":"https:\/\/www.fuldaernachrichten.de\/index.php?rest_route=\/wp\/v2\/users\/1"}],"replies":[{"embeddable":true,"href":"https:\/\/www.fuldaernachrichten.de\/index.php?rest_route=%2Fwp%2Fv2%2Fcomments&post=135742"}],"version-history":[{"count":1,"href":"https:\/\/www.fuldaernachrichten.de\/index.php?rest_route=\/wp\/v2\/posts\/135742\/revisions"}],"predecessor-version":[{"id":135743,"href":"https:\/\/www.fuldaernachrichten.de\/index.php?rest_route=\/wp\/v2\/posts\/135742\/revisions\/135743"}],"wp:attachment":[{"href":"https:\/\/www.fuldaernachrichten.de\/index.php?rest_route=%2Fwp%2Fv2%2Fmedia&parent=135742"}],"wp:term":[{"taxonomy":"category","embeddable":true,"href":"https:\/\/www.fuldaernachrichten.de\/index.php?rest_route=%2Fwp%2Fv2%2Fcategories&post=135742"},{"taxonomy":"post_tag","embeddable":true,"href":"https:\/\/www.fuldaernachrichten.de\/index.php?rest_route=%2Fwp%2Fv2%2Ftags&post=135742"}],"curies":[{"name":"wp","href":"https:\/\/api.w.org\/{rel}","templated":true}]}}