{"id":135734,"date":"2015-03-02T17:31:17","date_gmt":"2015-03-02T16:31:17","guid":{"rendered":"http:\/\/www.fuldaer-nachrichten.de\/?p=135734"},"modified":"2015-03-02T17:31:17","modified_gmt":"2015-03-02T16:31:17","slug":"ein-fundament-fuer-kreative-entwicklung-6-taegiger-workshop-fuer-kinder-ab-3-jahren","status":"publish","type":"post","link":"https:\/\/www.fuldaernachrichten.de\/?p=135734","title":{"rendered":"Ein Fundament f\u00fcr kreative Entwicklung 6-t\u00e4giger Workshop f\u00fcr Kinder ab 3 Jahren"},"content":{"rendered":"<p>Die k\u00fcnstlerische Fr\u00fchf\u00f6rderung kommt der kindlichen Fantasie und Entdeckerlust entgegen. Gemeinsam begeben sich die Kinder auf eine Reise in eine Welt voller Farben und Formen. Mit unterschiedlichen Materialien (Pinsel, Farbe, Papier\u00e2\u20ac\u00a6) nehmen sie mit allen Sinnen wahr, sammeln neue Erfahrungen und hinterlassen eigene Spuren. Dabei liegt der Schwerpunkt nicht auf dem \u201eErschaffen von \u00e4sthetischen Produkten\u201c, vielmehr stehen die Freude an der Kreativit\u00e4t sowie die Materialerfahrung im Vordergrund.<\/p>\n<p>Termine:\t20.05.2015\t\t17.06.2015<br \/>\n\t\t27.05.2015\t\t24.06.2015<br \/>\n\t\t03.06.2015\t\t01.07.2015<\/p>\n<p>Jeweils mittwochs von 15.00-16.00 Uhr<\/p>\n<p>Workshopleitung: Dr. Susanne Abel <\/p>\n<p>Geb\u00fchr: \u00e2\u201a\u00ac 64,00 pro Kind <\/p>\n<p>Anmeldung: Die Anmeldung erfolgt schriftlich.<br \/>\n(Das Anmeldeformular ist in der KAF erh\u00e4ltlich, gerne auch per Fax oder \u00e2\u20ac\u00a8E-Mail oder als Download unter www.kaf.de.) <\/p>\n<p>Informationen\/Anmeldung:<br \/>\nKinder-Akademie Fulda \/  Mehlerstra\u00dfe 8 \/ 36043 Fulda<br \/>\nTelefon: 0661\/90273-0 \/ Telefax: 0661\/90273-25 \/ info@kaf.de \/ www.kaf.de<\/p>\n<p>Anmeldeschluss: Wenn Sie Interesse an diesem Kurs haben, melden Sie Ihr Kind bitte sp\u00e4testens bis zum Mittwoch, 09.05.2015.<\/p>\n<p>Newsletter<br \/>\nHaben Sie Interesse an  unserem regelm\u00e4\u00dfigen Newsletter (aktuelle Informationen \u00fcber Ausstellungen, Workshops, Projekte etc.)? Dann registrieren Sie sich bitte auf unserer Webseite f\u00fcr den allgemeinen Newsletter oder f\u00fcr den Lehrer-Newsletter.<\/p>\n","protected":false},"excerpt":{"rendered":"<div class=\"tmnf_excerpt\"><p>Die k\u00fcnstlerische Fr\u00fchf\u00f6rderung kommt der kindlichen Fantasie und Entdeckerlust entgegen. Gemeinsam begeben sich die Kinder auf eine Reise in eine Welt voller Farben und Formen. Mit unterschiedlichen Materialien (Pinsel, Farbe, Papier\u00e2\u20ac\u00a6) nehmen sie mit allen Sinnen wahr, sammeln neue Erfahrungen und hinterlassen eigene Spuren. Dabei liegt der Schwerpunkt nicht auf dem \u201eErschaffen von \u00e4sthetischen Produkten\u201c, &hellip;<\/p>\n<\/div>","protected":false},"author":1,"featured_media":0,"comment_status":"closed","ping_status":"closed","sticky":false,"template":"","format":"standard","meta":{"footnotes":""},"categories":[1,53,72],"tags":[],"class_list":["post-135734","post","type-post","status-publish","format-standard","hentry","category-startseite","category-bildung","category-jugend"],"_links":{"self":[{"href":"https:\/\/www.fuldaernachrichten.de\/index.php?rest_route=\/wp\/v2\/posts\/135734","targetHints":{"allow":["GET"]}}],"collection":[{"href":"https:\/\/www.fuldaernachrichten.de\/index.php?rest_route=\/wp\/v2\/posts"}],"about":[{"href":"https:\/\/www.fuldaernachrichten.de\/index.php?rest_route=\/wp\/v2\/types\/post"}],"author":[{"embeddable":true,"href":"https:\/\/www.fuldaernachrichten.de\/index.php?rest_route=\/wp\/v2\/users\/1"}],"replies":[{"embeddable":true,"href":"https:\/\/www.fuldaernachrichten.de\/index.php?rest_route=%2Fwp%2Fv2%2Fcomments&post=135734"}],"version-history":[{"count":1,"href":"https:\/\/www.fuldaernachrichten.de\/index.php?rest_route=\/wp\/v2\/posts\/135734\/revisions"}],"predecessor-version":[{"id":135735,"href":"https:\/\/www.fuldaernachrichten.de\/index.php?rest_route=\/wp\/v2\/posts\/135734\/revisions\/135735"}],"wp:attachment":[{"href":"https:\/\/www.fuldaernachrichten.de\/index.php?rest_route=%2Fwp%2Fv2%2Fmedia&parent=135734"}],"wp:term":[{"taxonomy":"category","embeddable":true,"href":"https:\/\/www.fuldaernachrichten.de\/index.php?rest_route=%2Fwp%2Fv2%2Fcategories&post=135734"},{"taxonomy":"post_tag","embeddable":true,"href":"https:\/\/www.fuldaernachrichten.de\/index.php?rest_route=%2Fwp%2Fv2%2Ftags&post=135734"}],"curies":[{"name":"wp","href":"https:\/\/api.w.org\/{rel}","templated":true}]}}