{"id":135692,"date":"2015-03-02T12:11:33","date_gmt":"2015-03-02T11:11:33","guid":{"rendered":"http:\/\/www.fuldaer-nachrichten.de\/?p=135692"},"modified":"2015-03-02T12:11:51","modified_gmt":"2015-03-02T11:11:51","slug":"tegut-studenten-unter-den-siegern-des-fabi-award-von-transfair-e-v","status":"publish","type":"post","link":"https:\/\/www.fuldaernachrichten.de\/?p=135692","title":{"rendered":"tegut&#8230; Studenten unter den Siegern des FABI-Award von Transfair e.V."},"content":{"rendered":"<p>Bei der Verleihung des Fairtrade-Awards anl\u00e4sslich der BioFach-Messe in N\u00fcrnberg, holte die Gruppe der tegut\u00e2\u20ac\u00a6 Studierenden den dritten Platz in der Kategorie f\u00fcr Auszubildende und Studenten. Sie konnten sich im Wettbewerb, bei dem es vor allem um kreative und au\u00dfergew\u00f6hnliche Aktionen rund um Fairtrade gesiegelte Produkte ging, gegen acht andere Gruppen aus dem Lebensmitteleinzelhandel durchsetzen.<\/p>\n<p>Engagement, kreative Ideen und Einsatz f\u00fchrten zum Sieg<br \/>\nIn der Zeit von April bis Oktober 2014 \u00fcberlegten sich die Studierenden kreative und au\u00dfergew\u00f6hnliche Aktionen, um den Gedanken und den Sinn des Fairen Handels den Kunden n\u00e4her zu bringen. \u201eIn vielen Planungstreffen entschieden sich die \u201eFAirGenerationFriends\u201c zum Beispiel f\u00fcr Verkostungsaktionen in gro\u00dfen tegut\u00e2\u20ac\u00a6 Superm\u00e4rkten, wie in der Fairen Woche, Fr\u00fchst\u00fccks- und Informationsveranstaltungen f\u00fcr Kunden, einen Besuch bei einer fairen Kaffeer\u00f6sterei oder auch f\u00fcr Unterrichtseinheiten \u00fcber Fairtrade in den Einf\u00fchrungsseminaren f\u00fcr neue Lernende.\u201c berichtet Vanessa Eick, tegut\u00e2\u20ac\u00a6 Ausbildungsreferentin.<br \/>\nAlle Aktionen wurden in dem \u201eFABI-Blog\u201c dokumentiert. \u201eDort haben wir f\u00fcr jede Menge Abwechslung gesorgt. Denn wir wollten unser Engagement nicht einfach nur ank\u00fcndigen oder beschreiben, sondern es so lebhaft wie m\u00f6glich gestalten.\u201c so Christian Aull.<\/p>\n<p>\u00dcberzeugt hat die Jury nicht nur die Vielzahl an Aktionen, sondern auch, dass der Gedanke des fairen Handels zum Beispiel durch die intensive Kooperation mit der Fairtrade-Stadt Bad Br\u00fcckenau weitergetragen und vor allem jungen Menschen erreicht wurden.<\/p>\n<p>Der FABI-Award wird von Transfair \u2013 Verein zur F\u00f6rderung des Fairen Handels mit den L\u00e4ndern des S\u00fcdens- f\u00fcr Nachwuchskr\u00e4fte im Lebensmitteleinzelhandel ausgeschrieben. Es gilt, die Idee des Fairen Handels mit vielen kreativen Aktionen zu verbreiten. Als Gruppe \u201eFairGenerationFriends\u201c nahmen so auch acht tegut\u00e2\u20ac\u00a6 Studierende an diesem Wettbewerb teil.<\/p>\n<p>Zum Bild: \u201eFairGenerationFriends\u201c von tegut\u00e2\u20ac\u00a6 freuen sich \u00fcber den dritten Platz beim Fabi-Award von Fairtrade.<\/p>\n","protected":false},"excerpt":{"rendered":"<div class=\"tmnf_excerpt\"><p>Bei der Verleihung des Fairtrade-Awards anl\u00e4sslich der BioFach-Messe in N\u00fcrnberg, holte die Gruppe der tegut\u00e2\u20ac\u00a6 Studierenden den dritten Platz in der Kategorie f\u00fcr Auszubildende und Studenten. Sie konnten sich im Wettbewerb, bei dem es vor allem um kreative und au\u00dfergew\u00f6hnliche Aktionen rund um Fairtrade gesiegelte Produkte ging, gegen acht andere Gruppen aus dem Lebensmitteleinzelhandel durchsetzen. &hellip;<\/p>\n<\/div>","protected":false},"author":1,"featured_media":135693,"comment_status":"closed","ping_status":"closed","sticky":false,"template":"","format":"standard","meta":{"footnotes":""},"categories":[1,37],"tags":[],"class_list":["post-135692","post","type-post","status-publish","format-standard","has-post-thumbnail","hentry","category-startseite","category-essen-und-trinken"],"_links":{"self":[{"href":"https:\/\/www.fuldaernachrichten.de\/index.php?rest_route=\/wp\/v2\/posts\/135692","targetHints":{"allow":["GET"]}}],"collection":[{"href":"https:\/\/www.fuldaernachrichten.de\/index.php?rest_route=\/wp\/v2\/posts"}],"about":[{"href":"https:\/\/www.fuldaernachrichten.de\/index.php?rest_route=\/wp\/v2\/types\/post"}],"author":[{"embeddable":true,"href":"https:\/\/www.fuldaernachrichten.de\/index.php?rest_route=\/wp\/v2\/users\/1"}],"replies":[{"embeddable":true,"href":"https:\/\/www.fuldaernachrichten.de\/index.php?rest_route=%2Fwp%2Fv2%2Fcomments&post=135692"}],"version-history":[{"count":1,"href":"https:\/\/www.fuldaernachrichten.de\/index.php?rest_route=\/wp\/v2\/posts\/135692\/revisions"}],"predecessor-version":[{"id":135694,"href":"https:\/\/www.fuldaernachrichten.de\/index.php?rest_route=\/wp\/v2\/posts\/135692\/revisions\/135694"}],"wp:featuredmedia":[{"embeddable":true,"href":"https:\/\/www.fuldaernachrichten.de\/index.php?rest_route=\/wp\/v2\/media\/135693"}],"wp:attachment":[{"href":"https:\/\/www.fuldaernachrichten.de\/index.php?rest_route=%2Fwp%2Fv2%2Fmedia&parent=135692"}],"wp:term":[{"taxonomy":"category","embeddable":true,"href":"https:\/\/www.fuldaernachrichten.de\/index.php?rest_route=%2Fwp%2Fv2%2Fcategories&post=135692"},{"taxonomy":"post_tag","embeddable":true,"href":"https:\/\/www.fuldaernachrichten.de\/index.php?rest_route=%2Fwp%2Fv2%2Ftags&post=135692"}],"curies":[{"name":"wp","href":"https:\/\/api.w.org\/{rel}","templated":true}]}}