{"id":135657,"date":"2015-03-01T13:18:24","date_gmt":"2015-03-01T12:18:24","guid":{"rendered":"http:\/\/www.fuldaer-nachrichten.de\/?p=135657"},"modified":"2015-03-01T13:18:24","modified_gmt":"2015-03-01T12:18:24","slug":"kultur-in-fulda-wahlkampfveranstaltung-des-cdu-kandidaten-dr-heiko-wingenfeld-zur-oberbuergermeisterwahl","status":"publish","type":"post","link":"https:\/\/www.fuldaernachrichten.de\/?p=135657","title":{"rendered":"Kultur in Fulda\u201c: Wahlkampfveranstaltung des CDU-Kandidaten Dr. Heiko Wingenfeld zur Oberb\u00fcrgermeisterwahl"},"content":{"rendered":"<p>\u201eWie steht es um das kulturelle Angebot in Fulda?\u201c Dieser Frage geht der CDU-Kandidat Dr. Heiko Wingenfeld auf seiner Wahlkampfveranstaltung am Freitag, 6. M\u00e4rz, 19:30 Uhr im Caf\u00e9 Ideal, auf den Grund. Mit dabei sind der ehemalige Fuldaer Oberb\u00fcrgermeister, Dr. Wolfgang Hamberger, der Musicalproduzent Peter Scholz sowie der Violinist Andreas Feldmann. Die Veranstaltung ist \u00f6ffentlich.<\/p>\n","protected":false},"excerpt":{"rendered":"<div class=\"tmnf_excerpt\"><p>\u201eWie steht es um das kulturelle Angebot in Fulda?\u201c Dieser Frage geht der CDU-Kandidat Dr. Heiko Wingenfeld auf seiner Wahlkampfveranstaltung am Freitag, 6. M\u00e4rz, 19:30 Uhr im Caf\u00e9 Ideal, auf den Grund. Mit dabei sind der ehemalige Fuldaer Oberb\u00fcrgermeister, Dr. Wolfgang Hamberger, der Musicalproduzent Peter Scholz sowie der Violinist Andreas Feldmann. Die Veranstaltung ist \u00f6ffentlich.<\/p>\n<\/div>","protected":false},"author":1,"featured_media":0,"comment_status":"closed","ping_status":"closed","sticky":false,"template":"","format":"standard","meta":{"footnotes":""},"categories":[1,44,29],"tags":[],"class_list":["post-135657","post","type-post","status-publish","format-standard","hentry","category-startseite","category-kultur","category-politik"],"_links":{"self":[{"href":"https:\/\/www.fuldaernachrichten.de\/index.php?rest_route=\/wp\/v2\/posts\/135657","targetHints":{"allow":["GET"]}}],"collection":[{"href":"https:\/\/www.fuldaernachrichten.de\/index.php?rest_route=\/wp\/v2\/posts"}],"about":[{"href":"https:\/\/www.fuldaernachrichten.de\/index.php?rest_route=\/wp\/v2\/types\/post"}],"author":[{"embeddable":true,"href":"https:\/\/www.fuldaernachrichten.de\/index.php?rest_route=\/wp\/v2\/users\/1"}],"replies":[{"embeddable":true,"href":"https:\/\/www.fuldaernachrichten.de\/index.php?rest_route=%2Fwp%2Fv2%2Fcomments&post=135657"}],"version-history":[{"count":1,"href":"https:\/\/www.fuldaernachrichten.de\/index.php?rest_route=\/wp\/v2\/posts\/135657\/revisions"}],"predecessor-version":[{"id":135658,"href":"https:\/\/www.fuldaernachrichten.de\/index.php?rest_route=\/wp\/v2\/posts\/135657\/revisions\/135658"}],"wp:attachment":[{"href":"https:\/\/www.fuldaernachrichten.de\/index.php?rest_route=%2Fwp%2Fv2%2Fmedia&parent=135657"}],"wp:term":[{"taxonomy":"category","embeddable":true,"href":"https:\/\/www.fuldaernachrichten.de\/index.php?rest_route=%2Fwp%2Fv2%2Fcategories&post=135657"},{"taxonomy":"post_tag","embeddable":true,"href":"https:\/\/www.fuldaernachrichten.de\/index.php?rest_route=%2Fwp%2Fv2%2Ftags&post=135657"}],"curies":[{"name":"wp","href":"https:\/\/api.w.org\/{rel}","templated":true}]}}