{"id":135613,"date":"2015-02-27T19:43:56","date_gmt":"2015-02-27T18:43:56","guid":{"rendered":"http:\/\/www.fuldaer-nachrichten.de\/?p=135613"},"modified":"2015-02-27T19:46:01","modified_gmt":"2015-02-27T18:46:01","slug":"deckenfest-der-antonius-von-padua-schule","status":"publish","type":"post","link":"https:\/\/www.fuldaernachrichten.de\/?p=135613","title":{"rendered":"Deckenfest der Antonius von Padua Schule"},"content":{"rendered":"<p>Vergangenen Freitag feierten die Sch\u00fclerinnen und Sch\u00fcler der Antonius von Padua Schule, gemeinsam mit vielen Unternehmern und Unterst\u00fctzern des Antoniusheims, das Deckenfest des Schulneubaus.<\/p>\n<p>Vertreter der Antonius-Stiftung, die Bauleitung und Architekten sowie Henning und Steffen Strauss, die gemeinsam mit ihrem Vater Norbert kamen, lie\u00dfen es sich nicht nehmen, an diesem Ereignis teilzunehmen.<\/p>\n<p>\u201eWir freuen uns sehr, dass die Konzeption unserer Idee von inklusiver Schule hier baulich eine Heimat finden wird\u201c, sagte Rainer Sippel, Gesch\u00e4ftsf\u00fchrer des Antoniusheims, bei seiner Begr\u00fc\u00dfung. Er dankte allen, die am Bau mitgewirkt haben, insbesondere der Unternehmerfamilie Strauss, die den 3,8 Millionen Euro teuren Bau finanziert. Auch Gertraud Sorg, Vorsitzende der St. Antonius-Stiftung, dankte den Anwesenden und der Familie Strauss: \u201eSie haben etwas angesto\u00dfen, das Zukunft bietet. Dies ist ein Geschenk an viele Generationen von Sch\u00fclern.\u201c<\/p>\n<p>Norbert Strauss erkl\u00e4rte, dass er durch Dr. Alois Rhiel zu dieser Unterst\u00fctzung angestiftet wurde und sich nun freue, gemeinsam mit den Kindern die Fortschritte dieses Baus zu besichtigen. Auch Rhiel dankte der Familie Strauss f\u00fcr ihr Engagement. \u201eWir sehen hier Menschen, die mehr tun, als es ihre Pflicht ist. Es geht hier nicht um einen Scheck, sondern um den Austausch und die Begegnung von Sch\u00fclern mit und ohne Behinderung.\u201c<\/p>\n<p>In einem bunten Rahmenprogramm boten die Sch\u00fcler aus den verschiedenen Stufen der Antonius von Padua Schule eigens f\u00fcr das Fest einstudierte Darbietungen. Die Sch\u00fcler aus der ersten inklusiven Grundschulklasse zeigten unter der Moderation des Schulleiters Hanno Henkel au\u00dferdem den G\u00e4sten Ausz\u00fcge aus ihrem Schulalltag. Carolin und Ronja erkl\u00e4rten beispielsweise, warum sie neben den Buchstaben gleich noch die passende Geb\u00e4rde lernen. \u201eWir haben zwei Kinder, die noch nicht sprechen k\u00f6nnen. So k\u00f6nnen wir mit ihnen reden\u201c, erkl\u00e4rten die Beiden.<\/p>\n<p>\u201eEs ist spannend, hier zu sehen, wie Inklusion funktioniert. Sch\u00f6n, dass es so erfolgreich ist, denn man braucht immer den Anderen. Nur gemeinsam lassen sich gro\u00dfe Projekte stemmen\u201c, sagte Steffen Strauss. Er f\u00fcgte hinzu, dass er sich dar\u00fcber freue, wie spielend die Kinder hier soziale Kompetenz erlernten. Mit dem Segen des Hausgeistlichen Bruder Othmar endete der gelungene Festakt.<\/p>\n","protected":false},"excerpt":{"rendered":"<div class=\"tmnf_excerpt\"><p>Vergangenen Freitag feierten die Sch\u00fclerinnen und Sch\u00fcler der Antonius von Padua Schule, gemeinsam mit vielen Unternehmern und Unterst\u00fctzern des Antoniusheims, das Deckenfest des Schulneubaus. Vertreter der Antonius-Stiftung, die Bauleitung und Architekten sowie Henning und Steffen Strauss, die gemeinsam mit ihrem Vater Norbert kamen, lie\u00dfen es sich nicht nehmen, an diesem Ereignis teilzunehmen. \u201eWir freuen uns &hellip;<\/p>\n<\/div>","protected":false},"author":1,"featured_media":135621,"comment_status":"closed","ping_status":"closed","sticky":false,"template":"","format":"standard","meta":{"footnotes":""},"categories":[1,53],"tags":[],"class_list":["post-135613","post","type-post","status-publish","format-standard","has-post-thumbnail","hentry","category-startseite","category-bildung"],"_links":{"self":[{"href":"https:\/\/www.fuldaernachrichten.de\/index.php?rest_route=\/wp\/v2\/posts\/135613","targetHints":{"allow":["GET"]}}],"collection":[{"href":"https:\/\/www.fuldaernachrichten.de\/index.php?rest_route=\/wp\/v2\/posts"}],"about":[{"href":"https:\/\/www.fuldaernachrichten.de\/index.php?rest_route=\/wp\/v2\/types\/post"}],"author":[{"embeddable":true,"href":"https:\/\/www.fuldaernachrichten.de\/index.php?rest_route=\/wp\/v2\/users\/1"}],"replies":[{"embeddable":true,"href":"https:\/\/www.fuldaernachrichten.de\/index.php?rest_route=%2Fwp%2Fv2%2Fcomments&post=135613"}],"version-history":[{"count":1,"href":"https:\/\/www.fuldaernachrichten.de\/index.php?rest_route=\/wp\/v2\/posts\/135613\/revisions"}],"predecessor-version":[{"id":135614,"href":"https:\/\/www.fuldaernachrichten.de\/index.php?rest_route=\/wp\/v2\/posts\/135613\/revisions\/135614"}],"wp:featuredmedia":[{"embeddable":true,"href":"https:\/\/www.fuldaernachrichten.de\/index.php?rest_route=\/wp\/v2\/media\/135621"}],"wp:attachment":[{"href":"https:\/\/www.fuldaernachrichten.de\/index.php?rest_route=%2Fwp%2Fv2%2Fmedia&parent=135613"}],"wp:term":[{"taxonomy":"category","embeddable":true,"href":"https:\/\/www.fuldaernachrichten.de\/index.php?rest_route=%2Fwp%2Fv2%2Fcategories&post=135613"},{"taxonomy":"post_tag","embeddable":true,"href":"https:\/\/www.fuldaernachrichten.de\/index.php?rest_route=%2Fwp%2Fv2%2Ftags&post=135613"}],"curies":[{"name":"wp","href":"https:\/\/api.w.org\/{rel}","templated":true}]}}