{"id":135605,"date":"2015-02-27T19:41:25","date_gmt":"2015-02-27T18:41:25","guid":{"rendered":"http:\/\/www.fuldaer-nachrichten.de\/?p=135605"},"modified":"2015-02-27T19:41:25","modified_gmt":"2015-02-27T18:41:25","slug":"tiefgekuehltes-gemuese-ist-lieblingsprodukt-in-deutschen-gefriergeraeten","status":"publish","type":"post","link":"https:\/\/www.fuldaernachrichten.de\/?p=135605","title":{"rendered":"Tiefgek\u00fchltes Gem\u00fcse ist Lieblingsprodukt in deutschen Gefrierger\u00e4ten"},"content":{"rendered":"<p>Wie oft essen die Deutschen Tiefk\u00fchlkost, was sind dabei ihre liebsten Produkte und was lagern sie Kurioses in ihren Tiefk\u00fchlern? Eine aktuelle Umfrage anl\u00e4sslich des Tags der Tiefk\u00fchlkost am 6. M\u00e4rz zeigt neue und \u00fcberraschende Ergebnisse. 963 Teilnehmer haben online an der bofrost*Umfrage im Februar teilgenommen. \u201eMindestens zwei Mal pro Woche isst die Mehrheit der Befragten \u2013 rund 70 Prozent \u2013 tiefgek\u00fchlte Lebensmittel\u201c, sagt Oliver Solbach, Niederlassungsleiter von bofrost*Fulda. Ganz oben in der Hitliste der liebsten TK-Produkte: Gem\u00fcse (80 Prozent) gefolgt von Eis (70 Prozent), Fisch (51 Prozent) und Pizza (43 Prozent). Dabei kombinieren knapp drei Viertel der Befragten Tiefgek\u00fchltes und Frisches. Im Durchschnitt hat jeder Deutsche im vergangenen Jahr rund 41 Kilogramm Tiefgek\u00fchltes verzehrt.<\/p>\n<p>Der Tag der Tiefk\u00fchlkost wurde 1984 in den USA eingef\u00fchrt und hat seit einiger Zeit auch seinen Platz in Deutschland gefunden. Er erinnert an den ersten Verkauf tiefgek\u00fchlter Lebensmittel 1930, also vor 85 Jahren.<\/p>\n<p>K\u00e4lte legt Vitamine und N\u00e4hrstoffe nur schlafen<br \/>\n\u201eTiefk\u00fchlen ist die nat\u00fcrlichste Art der Konservierung. Wir nutzen ausschlie\u00dflich K\u00e4lte und keine Konservierungsstoffe. Die Vitamine und N\u00e4hrstoffe werden sozusagen schlafengelegt und bleiben so weitgehend erhalten\u201c, erkl\u00e4rt Niederlassungsleiter Oliver Solbach. \u201eTiefk\u00fchlgem\u00fcse oder Tiefk\u00fchlfisch sind daher h\u00e4ufig frischer als ihre nicht tiefgek\u00fchlten Pendants vom Markt oder aus dem Supermarkt.\u201c Bei tiefgek\u00fchlter Ware m\u00fcssen die Verbraucher keine Qualit\u00e4tsabstriche machen. Durch die sogenannte Schockfrostung werden die Lebensmittel innerhalb von drei bis zehn Minuten auf sehr niedrige Temperaturen gebracht. \u201eDies passiert in der Regel direkt nach der Ernte oder bei Fisch nach dem Fang. Dadurch bleiben Geschmack und Saftigkeit erhalten\u201c, sagt TK-Experte Oliver Solbach. \u201eInsbesondere dann, wenn die geschlossene Tiefk\u00fchlkette nicht unterbrochen wird. Wir bei bofrost*Fulda beispielsweise liefern die tiefgek\u00fchlten Produkte bis in die Gefrierger\u00e4te der Verbraucher.\u201c<\/p>\n<p>Was sonst noch alles in deutschen Tiefk\u00fchltruhen schlummert &#8230;<br \/>\nBei den Teilnehmern der Umfrage schafften es indes nicht nur Lebensmittel in die Gefrierf\u00e4cher. Gefragt nach Kuriosem in ihrem Tiefk\u00fchler nannten sie beispielsweise Schneeb\u00e4lle aufgrund des seltenen Schneefalls in Hamburg, Stofftiere, Z\u00e4hne der Kinder oder sogar Kleidung. Wenn man bedenkt, dass T-Shirts zu einem coolen Sommeroutfit dazugeh\u00f6ren, eine erfrischende Idee.<\/p>\n<p>In der Region Vogelsberg &amp; Rh\u00f6n beliefern die Verkaufsfahrer der bofrost*Niederlassung Fulda rund 24.000 Kunden mit mehr als 550 verschiedenen Tiefk\u00fchlspezialit\u00e4ten. Die Niederlassung Fulda besteht seit 1984 und besch\u00e4ftigt 53 Mitarbeiter.<\/p>\n<p>bofrost* wurde 1966 gegr\u00fcndet und hat seinen Hauptsitz in Straelen am Niederrhein. Mit 240 Niederlassungen in 13 europ\u00e4ischen L\u00e4ndern ist bofrost* der europ\u00e4ische Marktf\u00fchrer im Direktvertrieb von Eis- und Tiefk\u00fchlspezialit\u00e4ten. Vielfach f\u00fcr die erstklassige Qualit\u00e4t seiner Produkte ausgezeichnet, garantiert bofrost* als traditionelles Familienunternehmen seinen mehr als vier Millionen Kunden, davon rund 2,6 Millionen in Deutschland, optimale Frische, herausragenden Service und individuelle Beratung.<\/p>\n","protected":false},"excerpt":{"rendered":"<div class=\"tmnf_excerpt\"><p>Wie oft essen die Deutschen Tiefk\u00fchlkost, was sind dabei ihre liebsten Produkte und was lagern sie Kurioses in ihren Tiefk\u00fchlern? Eine aktuelle Umfrage anl\u00e4sslich des Tags der Tiefk\u00fchlkost am 6. M\u00e4rz zeigt neue und \u00fcberraschende Ergebnisse. 963 Teilnehmer haben online an der bofrost*Umfrage im Februar teilgenommen. \u201eMindestens zwei Mal pro Woche isst die Mehrheit der &hellip;<\/p>\n<\/div>","protected":false},"author":1,"featured_media":0,"comment_status":"closed","ping_status":"closed","sticky":false,"template":"","format":"standard","meta":{"footnotes":""},"categories":[1,37],"tags":[],"class_list":["post-135605","post","type-post","status-publish","format-standard","hentry","category-startseite","category-essen-und-trinken"],"_links":{"self":[{"href":"https:\/\/www.fuldaernachrichten.de\/index.php?rest_route=\/wp\/v2\/posts\/135605","targetHints":{"allow":["GET"]}}],"collection":[{"href":"https:\/\/www.fuldaernachrichten.de\/index.php?rest_route=\/wp\/v2\/posts"}],"about":[{"href":"https:\/\/www.fuldaernachrichten.de\/index.php?rest_route=\/wp\/v2\/types\/post"}],"author":[{"embeddable":true,"href":"https:\/\/www.fuldaernachrichten.de\/index.php?rest_route=\/wp\/v2\/users\/1"}],"replies":[{"embeddable":true,"href":"https:\/\/www.fuldaernachrichten.de\/index.php?rest_route=%2Fwp%2Fv2%2Fcomments&post=135605"}],"version-history":[{"count":1,"href":"https:\/\/www.fuldaernachrichten.de\/index.php?rest_route=\/wp\/v2\/posts\/135605\/revisions"}],"predecessor-version":[{"id":135606,"href":"https:\/\/www.fuldaernachrichten.de\/index.php?rest_route=\/wp\/v2\/posts\/135605\/revisions\/135606"}],"wp:attachment":[{"href":"https:\/\/www.fuldaernachrichten.de\/index.php?rest_route=%2Fwp%2Fv2%2Fmedia&parent=135605"}],"wp:term":[{"taxonomy":"category","embeddable":true,"href":"https:\/\/www.fuldaernachrichten.de\/index.php?rest_route=%2Fwp%2Fv2%2Fcategories&post=135605"},{"taxonomy":"post_tag","embeddable":true,"href":"https:\/\/www.fuldaernachrichten.de\/index.php?rest_route=%2Fwp%2Fv2%2Ftags&post=135605"}],"curies":[{"name":"wp","href":"https:\/\/api.w.org\/{rel}","templated":true}]}}