{"id":135571,"date":"2015-02-26T18:02:45","date_gmt":"2015-02-26T17:02:45","guid":{"rendered":"http:\/\/www.fuldaer-nachrichten.de\/?p=135571"},"modified":"2015-02-26T18:02:45","modified_gmt":"2015-02-26T17:02:45","slug":"aktivwoche-in-kaufungen","status":"publish","type":"post","link":"https:\/\/www.fuldaernachrichten.de\/?p=135571","title":{"rendered":"Aktivwoche in Kaufungen"},"content":{"rendered":"<p>Die Katholische junge Gemeinde Fulda (KjG) veranstaltet vom 29.03 &#8211; 02.04.2015 eine f\u00fcnft\u00e4gige Ferienfreizeit f\u00fcr Kinder und Jugendliche im Alter von 9 &#8211; 17 Jahren im nordhessischen Kaufungen. In altersgem\u00e4\u00dfen Gruppen stehen aktive Unternehmungen vom Hochseilgarten bis zum Schwimmbadbesuch auf dem Programm.\u00c2\u00a0 F\u00fcr eine gemeinsame An- und Abreise wird gesorgt. Anmeldung bei der KjG Di\u00f6zesanstelle, Tel. 0661-87462 oder kjg@bistum-fulda.de. Die Teilnehmendengeb\u00fchr betr\u00e4gt f\u00fcr Mitglieder der KjG 90 \u00e2\u201a\u00ac und f\u00fcr Nichtmitglieder 105 \u00e2\u201a\u00ac. Weitere Informationen auch unter www.kjg-fulda.de.<\/p>\n<p>&nbsp;<\/p>\n","protected":false},"excerpt":{"rendered":"<div class=\"tmnf_excerpt\"><p>Die Katholische junge Gemeinde Fulda (KjG) veranstaltet vom 29.03 &#8211; 02.04.2015 eine f\u00fcnft\u00e4gige Ferienfreizeit f\u00fcr Kinder und Jugendliche im Alter von 9 &#8211; 17 Jahren im nordhessischen Kaufungen. In altersgem\u00e4\u00dfen Gruppen stehen aktive Unternehmungen vom Hochseilgarten bis zum Schwimmbadbesuch auf dem Programm.\u00c2\u00a0 F\u00fcr eine gemeinsame An- und Abreise wird gesorgt. Anmeldung bei der KjG Di\u00f6zesanstelle, &hellip;<\/p>\n<\/div>","protected":false},"author":1,"featured_media":135572,"comment_status":"closed","ping_status":"closed","sticky":false,"template":"","format":"standard","meta":{"footnotes":""},"categories":[1,72,50],"tags":[],"class_list":["post-135571","post","type-post","status-publish","format-standard","has-post-thumbnail","hentry","category-startseite","category-jugend","category-kirche"],"_links":{"self":[{"href":"https:\/\/www.fuldaernachrichten.de\/index.php?rest_route=\/wp\/v2\/posts\/135571","targetHints":{"allow":["GET"]}}],"collection":[{"href":"https:\/\/www.fuldaernachrichten.de\/index.php?rest_route=\/wp\/v2\/posts"}],"about":[{"href":"https:\/\/www.fuldaernachrichten.de\/index.php?rest_route=\/wp\/v2\/types\/post"}],"author":[{"embeddable":true,"href":"https:\/\/www.fuldaernachrichten.de\/index.php?rest_route=\/wp\/v2\/users\/1"}],"replies":[{"embeddable":true,"href":"https:\/\/www.fuldaernachrichten.de\/index.php?rest_route=%2Fwp%2Fv2%2Fcomments&post=135571"}],"version-history":[{"count":1,"href":"https:\/\/www.fuldaernachrichten.de\/index.php?rest_route=\/wp\/v2\/posts\/135571\/revisions"}],"predecessor-version":[{"id":135573,"href":"https:\/\/www.fuldaernachrichten.de\/index.php?rest_route=\/wp\/v2\/posts\/135571\/revisions\/135573"}],"wp:featuredmedia":[{"embeddable":true,"href":"https:\/\/www.fuldaernachrichten.de\/index.php?rest_route=\/wp\/v2\/media\/135572"}],"wp:attachment":[{"href":"https:\/\/www.fuldaernachrichten.de\/index.php?rest_route=%2Fwp%2Fv2%2Fmedia&parent=135571"}],"wp:term":[{"taxonomy":"category","embeddable":true,"href":"https:\/\/www.fuldaernachrichten.de\/index.php?rest_route=%2Fwp%2Fv2%2Fcategories&post=135571"},{"taxonomy":"post_tag","embeddable":true,"href":"https:\/\/www.fuldaernachrichten.de\/index.php?rest_route=%2Fwp%2Fv2%2Ftags&post=135571"}],"curies":[{"name":"wp","href":"https:\/\/api.w.org\/{rel}","templated":true}]}}