{"id":135463,"date":"2015-02-25T12:58:30","date_gmt":"2015-02-25T11:58:30","guid":{"rendered":"http:\/\/www.fuldaer-nachrichten.de\/?p=135463"},"modified":"2015-02-25T12:58:30","modified_gmt":"2015-02-25T11:58:30","slug":"fuenf-neue-tagesmuetter-mit-zertifikat","status":"publish","type":"post","link":"https:\/\/www.fuldaernachrichten.de\/?p=135463","title":{"rendered":"F\u00fcnf neue Tagesm\u00fctter mit Zertifikat"},"content":{"rendered":"<p>F\u00fcnf weitere Tagesm\u00fctter aus dem Vogelsbergkreis d\u00fcrfen sich jetzt \u201eQualifizierte Kindertagespflegeperson\u201c nennen: Nach ihrer erfolgreichen Teilnahme an einer Qualifizierungsma\u00dfnahme in der Kindertagespflege erhielten die Frauen im Rahmen einer kleinen Feierstunde ihr Zertifikat. Die Qualifizierung umfasste Themen rund um die Erziehung und F\u00f6rderung, auch die verschiedenen Perspektiven von Tagesmutter, Tagespflegekind und Eltern wurden behandelt, ebenso das Verhalten bei Konflikten und rechtliche Grundlagen.<\/p>\n<p>Zum Abschluss pr\u00e4sentierte jede Teilnehmerin eine selbst erarbeitete p\u00e4dagogische Konzeption im Kolloquium. Anhand eines Fallbeispiels wurden entwicklungspsychologische, p\u00e4dagogische oder\u00c2\u00a0 rechtliche Inhalte abgefragt. In der Abschlusspr\u00fcfung haben die Teilnehmerinnen bewiesen, dass sie f\u00fcr die bevorstehende T\u00e4tigkeit gut vorbereitet sind, erkl\u00e4rt die Koordinatorin im Jugendamt, Marga Michelsons.<\/p>\n<p>Im Rahmen einer kleinen Feierstunde wurde folgenden Tagesm\u00fcttern das Zertifikat \u201eQualifizierte Tagespflegeperson\u201c \u00fcberreicht: Rosemarie H\u00e4de-Gei\u00dfler aus Angersbach, Nicole Gerhold aus Nieder-Ohmen, Ute Schindler aus Romrod, Susanne Amend aus Freiensteinau und Jutta F\u00f6lsing aus Altenschlirf.<\/p>\n<p>Kindertagespflege ist im Vogelsbergkreis zunehmend gefragt, weil sich neben dem verbesserten Qualifizierungsstandard der Kindertagespflegepersonen auch der Kostenbeitrag der Eltern f\u00fcr die Betreuung ihrer Kinder in einer Kindertagespflegestelle seit dem 01.01.2015 erheblich verringert hat. Im Vogelsbergkreis besteht deshalb weiter Interesse daran, geeignete Personen im Bereich der Kindertagespflege zu qualifizieren.<\/p>\n<p>Kindertagespflegeperson k\u00f6nnen Frauen und M\u00e4nner werden, die Freude am Umgang mit Kindern haben, diese in ihrer Entwicklung und Bildung f\u00f6rdern wollen und den Kindern eine liebevolle, wertsch\u00e4tzende, famili\u00e4re Atmosph\u00e4re bieten k\u00f6nnen. Selbstverst\u00e4ndlich m\u00fcssen Tagespflegepersonen Verantwortung \u00fcbernehmen wollen und an p\u00e4dagogischen Themen interessiert sein. Auch eine intensive Zusammenarbeit mit den Eltern und der Fachstelle am Jugendamt sowie der Austausch mit anderen Tagespflegpersonen wird erwartet.<\/p>\n<p>Der n\u00e4chste Qualifizierungskurs zur\/zum Tagesmutter\/-vater startet am 15. April in Alsfeld bei der Neuen Arbeit Vogelsberg. Die Ansprechpartnerinnen bei der Fachstelle Kindertagespflege sind Marga Michelsons (Tel. 06642\/9774200) und Susan Jusseaume (06641\/9774201), kindertagespflege@vogelsbergkreis.de.<\/p>\n","protected":false},"excerpt":{"rendered":"<div class=\"tmnf_excerpt\"><p>F\u00fcnf weitere Tagesm\u00fctter aus dem Vogelsbergkreis d\u00fcrfen sich jetzt \u201eQualifizierte Kindertagespflegeperson\u201c nennen: Nach ihrer erfolgreichen Teilnahme an einer Qualifizierungsma\u00dfnahme in der Kindertagespflege erhielten die Frauen im Rahmen einer kleinen Feierstunde ihr Zertifikat. Die Qualifizierung umfasste Themen rund um die Erziehung und F\u00f6rderung, auch die verschiedenen Perspektiven von Tagesmutter, Tagespflegekind und Eltern wurden behandelt, ebenso das &hellip;<\/p>\n<\/div>","protected":false},"author":1,"featured_media":135464,"comment_status":"closed","ping_status":"closed","sticky":false,"template":"","format":"standard","meta":{"footnotes":""},"categories":[1,53,72],"tags":[],"class_list":["post-135463","post","type-post","status-publish","format-standard","has-post-thumbnail","hentry","category-startseite","category-bildung","category-jugend"],"_links":{"self":[{"href":"https:\/\/www.fuldaernachrichten.de\/index.php?rest_route=\/wp\/v2\/posts\/135463","targetHints":{"allow":["GET"]}}],"collection":[{"href":"https:\/\/www.fuldaernachrichten.de\/index.php?rest_route=\/wp\/v2\/posts"}],"about":[{"href":"https:\/\/www.fuldaernachrichten.de\/index.php?rest_route=\/wp\/v2\/types\/post"}],"author":[{"embeddable":true,"href":"https:\/\/www.fuldaernachrichten.de\/index.php?rest_route=\/wp\/v2\/users\/1"}],"replies":[{"embeddable":true,"href":"https:\/\/www.fuldaernachrichten.de\/index.php?rest_route=%2Fwp%2Fv2%2Fcomments&post=135463"}],"version-history":[{"count":1,"href":"https:\/\/www.fuldaernachrichten.de\/index.php?rest_route=\/wp\/v2\/posts\/135463\/revisions"}],"predecessor-version":[{"id":135465,"href":"https:\/\/www.fuldaernachrichten.de\/index.php?rest_route=\/wp\/v2\/posts\/135463\/revisions\/135465"}],"wp:featuredmedia":[{"embeddable":true,"href":"https:\/\/www.fuldaernachrichten.de\/index.php?rest_route=\/wp\/v2\/media\/135464"}],"wp:attachment":[{"href":"https:\/\/www.fuldaernachrichten.de\/index.php?rest_route=%2Fwp%2Fv2%2Fmedia&parent=135463"}],"wp:term":[{"taxonomy":"category","embeddable":true,"href":"https:\/\/www.fuldaernachrichten.de\/index.php?rest_route=%2Fwp%2Fv2%2Fcategories&post=135463"},{"taxonomy":"post_tag","embeddable":true,"href":"https:\/\/www.fuldaernachrichten.de\/index.php?rest_route=%2Fwp%2Fv2%2Ftags&post=135463"}],"curies":[{"name":"wp","href":"https:\/\/api.w.org\/{rel}","templated":true}]}}