{"id":135416,"date":"2015-02-25T12:41:03","date_gmt":"2015-02-25T11:41:03","guid":{"rendered":"http:\/\/www.fuldaer-nachrichten.de\/?p=135416"},"modified":"2015-02-25T12:41:03","modified_gmt":"2015-02-25T11:41:03","slug":"rtl-strahlt-am-samstag-28-02-2014-den-auftritt-von-darin-erb-vor-dieter-bohlen-aus","status":"publish","type":"post","link":"https:\/\/www.fuldaernachrichten.de\/?p=135416","title":{"rendered":"RTL strahlt am Samstag 28.02.2014 den Auftritt von Darin Erb vor Dieter Bohlen aus"},"content":{"rendered":"<p>Darauf haben die Fuldaer schon lange gewartet. Wann ist die Almendorferin S\u00e4ngerin Darin Erb endlich im Fernsehen bei Deutschland sucht den Superstar (DSDS) zu sehen ist, nachdem in den Fuldaer-Medien immer wieder davon zu lesen war, das die talentierte S\u00e4ngerin vor dem Poptinan gesungen hat.<\/p>\n<p>Am kommenden Samstag 28.02.2015 um 20.15 Uhr ist es dann endlich soweit. RTL strahlt dann den Auftritt von Darin Erb aus und die Zuschauer d\u00fcrfen heute schon gespannt sein, ob die heimische S\u00e4ngerin eine Runde weitergekommen ist und es ins Recall geschafft hat. Bisher durfte sich Darin dar\u00fcber gegen\u00fcber den Medien nicht \u00e4u\u00dfern, weil sie sich gegen\u00fcber RTL zu Stillschweigen verpflichtet hat. Erb ist zum Casting von DSDS nach K\u00f6ln mit ihren Eltern und einem engen Freundeskreis angereist und es war f\u00fcr sie der H\u00f6hepunkt ihrer Gesangskarriere, das sie einmal vor dem weltbekannten Poptitan Dieter Bohlen ihr K\u00f6nnen unter Beweis stellen konnte.<\/p>\n<p>Der gro\u00dfe Freundeskreis fiebert daher ganz gespannt auf den Auftritt von Darin Erb hin und am kommenden Samstag werden bestimmt die Fuldaer-Einschaltquoten bei der DSDS-Sendung sehr hoch sein. Ein anderer Kandidat aus Fulda wurde am vergangenen Samstag bereits in der Sendung gezeigt und ist nicht weiter gekommen. Der selbsternannte \u201eScheich aus Fulda\u201c repr\u00e4sentierte die Stadt Fulda nicht besonders gut und \u00fcberzeugte nicht die Jury unter Dieter Bohlen. Darin Erb wird sicherlich ein besseres Bild abgeben!<\/p>\n","protected":false},"excerpt":{"rendered":"<div class=\"tmnf_excerpt\"><p>Darauf haben die Fuldaer schon lange gewartet. Wann ist die Almendorferin S\u00e4ngerin Darin Erb endlich im Fernsehen bei Deutschland sucht den Superstar (DSDS) zu sehen ist, nachdem in den Fuldaer-Medien immer wieder davon zu lesen war, das die talentierte S\u00e4ngerin vor dem Poptinan gesungen hat. Am kommenden Samstag 28.02.2015 um 20.15 Uhr ist es dann &hellip;<\/p>\n<\/div>","protected":false},"author":1,"featured_media":135417,"comment_status":"closed","ping_status":"closed","sticky":false,"template":"","format":"standard","meta":{"footnotes":""},"categories":[1,44],"tags":[],"class_list":["post-135416","post","type-post","status-publish","format-standard","has-post-thumbnail","hentry","category-startseite","category-kultur"],"_links":{"self":[{"href":"https:\/\/www.fuldaernachrichten.de\/index.php?rest_route=\/wp\/v2\/posts\/135416","targetHints":{"allow":["GET"]}}],"collection":[{"href":"https:\/\/www.fuldaernachrichten.de\/index.php?rest_route=\/wp\/v2\/posts"}],"about":[{"href":"https:\/\/www.fuldaernachrichten.de\/index.php?rest_route=\/wp\/v2\/types\/post"}],"author":[{"embeddable":true,"href":"https:\/\/www.fuldaernachrichten.de\/index.php?rest_route=\/wp\/v2\/users\/1"}],"replies":[{"embeddable":true,"href":"https:\/\/www.fuldaernachrichten.de\/index.php?rest_route=%2Fwp%2Fv2%2Fcomments&post=135416"}],"version-history":[{"count":1,"href":"https:\/\/www.fuldaernachrichten.de\/index.php?rest_route=\/wp\/v2\/posts\/135416\/revisions"}],"predecessor-version":[{"id":135418,"href":"https:\/\/www.fuldaernachrichten.de\/index.php?rest_route=\/wp\/v2\/posts\/135416\/revisions\/135418"}],"wp:featuredmedia":[{"embeddable":true,"href":"https:\/\/www.fuldaernachrichten.de\/index.php?rest_route=\/wp\/v2\/media\/135417"}],"wp:attachment":[{"href":"https:\/\/www.fuldaernachrichten.de\/index.php?rest_route=%2Fwp%2Fv2%2Fmedia&parent=135416"}],"wp:term":[{"taxonomy":"category","embeddable":true,"href":"https:\/\/www.fuldaernachrichten.de\/index.php?rest_route=%2Fwp%2Fv2%2Fcategories&post=135416"},{"taxonomy":"post_tag","embeddable":true,"href":"https:\/\/www.fuldaernachrichten.de\/index.php?rest_route=%2Fwp%2Fv2%2Ftags&post=135416"}],"curies":[{"name":"wp","href":"https:\/\/api.w.org\/{rel}","templated":true}]}}