{"id":135408,"date":"2015-02-25T12:39:38","date_gmt":"2015-02-25T11:39:38","guid":{"rendered":"http:\/\/www.fuldaer-nachrichten.de\/?p=135408"},"modified":"2015-02-25T12:39:38","modified_gmt":"2015-02-25T11:39:38","slug":"vitanas-senioren-centrum-laedt-nachbarn-nach-bauphase-ein","status":"publish","type":"post","link":"https:\/\/www.fuldaernachrichten.de\/?p=135408","title":{"rendered":"Vitanas Senioren Centrum l\u00e4dt Nachbarn nach Bauphase ein"},"content":{"rendered":"<p><a href=\"http:\/\/www.fuldaer-nachrichten.de\/wp-content\/uploads\/2015\/02\/DSC_0427.jpg\"><img decoding=\"async\" class=\"alignleft size-medium wp-image-135411\" src=\"http:\/\/www.fuldaer-nachrichten.de\/wp-content\/uploads\/2015\/02\/DSC_0427-265x176.jpg\" alt=\"DSC_0427\" width=\"265\" height=\"176\" srcset=\"https:\/\/www.fuldaernachrichten.de\/wp-content\/uploads\/2015\/02\/DSC_0427-265x176.jpg 265w, https:\/\/www.fuldaernachrichten.de\/wp-content\/uploads\/2015\/02\/DSC_0427-600x399.jpg 600w, https:\/\/www.fuldaernachrichten.de\/wp-content\/uploads\/2015\/02\/DSC_0427.jpg 900w\" sizes=\"(max-width: 265px) 100vw, 265px\" \/><\/a>Nach einer langen Bauphase ist es nun endlich soweit. Das Vitanas Senioren Centrum Fulda Galerie er\u00f6ffnet Anfang M\u00e4rz und freut sich auf die ersten Damen und Herren, welche in einer der elf Wohnungen einziehen werden. Ab Mitte des Monates erwartet Herr Thorsten Roch und sein Team die ersten Bewohner f\u00fcr die station\u00e4re Pflege. Drei freundlich gestaltete\u00c2\u00a0 und barrierefreie Wohnbereiche bieten 114 Pflegepl\u00e4tze. Im Erdgeschoss befindet sich ein \u00f6ffentliches Caf\u00e9, welches alle B\u00fcrgerinnen und B\u00fcrger, sowie Interessierte herzlich einl\u00e4dt.<\/p>\n<p>\u201eDas Vitanas Senioren Centrum Fulda Galerie soll ein Ort der Begegnungen sein, in dem jeder herzlich Willkommen ist\u201c, sagte Herr Roch, Centrumsleiter zum Nachbarschaftsfest, welches am Dienstag, den 24. Februar 2014 stattfand. Viele Anwohner, sowie Mitarbeiter von ortsans\u00e4ssigen Einrichtungen nahmen gern die Einladung zum Grillfest an und informierten sich \u00fcber die neue Einrichtung bei angebotenen Hausf\u00fchrungen, sowie einer Power Point Pr\u00e4sentation. Der Abend klang bei Live Musik und viele Gespr\u00e4chen aus und r\u00fcckte alle in der Fulda Galerie Lebenden und Arbeitenden\u00c2\u00a0 ein St\u00fcck n\u00e4her zusammen.<\/p>\n","protected":false},"excerpt":{"rendered":"<div class=\"tmnf_excerpt\"><p>Nach einer langen Bauphase ist es nun endlich soweit. Das Vitanas Senioren Centrum Fulda Galerie er\u00f6ffnet Anfang M\u00e4rz und freut sich auf die ersten Damen und Herren, welche in einer der elf Wohnungen einziehen werden. Ab Mitte des Monates erwartet Herr Thorsten Roch und sein Team die ersten Bewohner f\u00fcr die station\u00e4re Pflege. Drei freundlich &hellip;<\/p>\n<\/div>","protected":false},"author":1,"featured_media":135410,"comment_status":"closed","ping_status":"closed","sticky":false,"template":"","format":"standard","meta":{"footnotes":""},"categories":[1,72],"tags":[],"class_list":["post-135408","post","type-post","status-publish","format-standard","has-post-thumbnail","hentry","category-startseite","category-jugend"],"_links":{"self":[{"href":"https:\/\/www.fuldaernachrichten.de\/index.php?rest_route=\/wp\/v2\/posts\/135408","targetHints":{"allow":["GET"]}}],"collection":[{"href":"https:\/\/www.fuldaernachrichten.de\/index.php?rest_route=\/wp\/v2\/posts"}],"about":[{"href":"https:\/\/www.fuldaernachrichten.de\/index.php?rest_route=\/wp\/v2\/types\/post"}],"author":[{"embeddable":true,"href":"https:\/\/www.fuldaernachrichten.de\/index.php?rest_route=\/wp\/v2\/users\/1"}],"replies":[{"embeddable":true,"href":"https:\/\/www.fuldaernachrichten.de\/index.php?rest_route=%2Fwp%2Fv2%2Fcomments&post=135408"}],"version-history":[{"count":1,"href":"https:\/\/www.fuldaernachrichten.de\/index.php?rest_route=\/wp\/v2\/posts\/135408\/revisions"}],"predecessor-version":[{"id":135412,"href":"https:\/\/www.fuldaernachrichten.de\/index.php?rest_route=\/wp\/v2\/posts\/135408\/revisions\/135412"}],"wp:featuredmedia":[{"embeddable":true,"href":"https:\/\/www.fuldaernachrichten.de\/index.php?rest_route=\/wp\/v2\/media\/135410"}],"wp:attachment":[{"href":"https:\/\/www.fuldaernachrichten.de\/index.php?rest_route=%2Fwp%2Fv2%2Fmedia&parent=135408"}],"wp:term":[{"taxonomy":"category","embeddable":true,"href":"https:\/\/www.fuldaernachrichten.de\/index.php?rest_route=%2Fwp%2Fv2%2Fcategories&post=135408"},{"taxonomy":"post_tag","embeddable":true,"href":"https:\/\/www.fuldaernachrichten.de\/index.php?rest_route=%2Fwp%2Fv2%2Ftags&post=135408"}],"curies":[{"name":"wp","href":"https:\/\/api.w.org\/{rel}","templated":true}]}}