{"id":135389,"date":"2015-02-24T17:31:11","date_gmt":"2015-02-24T16:31:11","guid":{"rendered":"http:\/\/www.fuldaer-nachrichten.de\/?p=135389"},"modified":"2015-02-24T17:31:11","modified_gmt":"2015-02-24T16:31:11","slug":"lokale-aktionsgruppen-leader-2014-2020-anerkannt","status":"publish","type":"post","link":"https:\/\/www.fuldaernachrichten.de\/?p=135389","title":{"rendered":"Lokale Aktionsgruppen \u201eLEADER 2014-2020\u201c anerkannt"},"content":{"rendered":"<p>\u201eNachdem die EU nun endlich gr\u00fcnes Licht gegeben hat, steht der erfolgreichen Umsetzung im Rahmen des LEADER-Pro\u00c2\u00adgramms nichts mehr im Weg. F\u00fcr den l\u00e4ndlichen Raum in Hessen sind die Weichen jetzt gestellt f\u00fcr eine positive Entwicklung im l\u00e4ndlichen Raum\u201c, betonte Ministerin Hinz heute bei der \u00dcbergabe der Anerkennungsbescheide an 24 Lokale Aktionsgruppen (LAG). Diese LAG\u00e2\u20ac\u2122s sind im Rahmen des LEADER-Pro\u00c2\u00adgramms als Tr\u00e4gerorganisationen anerkannt und setzten die vielf\u00e4ltigen Konzepte in ihren jeweiligen Regionen um.<\/p>\n<p>Bereits in der vergangenen Woche hatte die Europ\u00e4ische Kommission den Entwicklungsplan f\u00fcr den l\u00e4ndlichen Raum Hessen 2014-2020 genehmigt. Auch die neue Richtlinie des Lan\u00c2\u00addes Hessen zur F\u00f6rderung der l\u00e4ndlichen Entwicklung konnte zeitgleich in Kraft gesetzt werden. \u201eDamit ist es uns gelungen, als eines der ersten Bundesl\u00e4nder in die aktive F\u00f6rderung einzusteigen\u201c, verk\u00fcndete die Ministerin. Ziel sei es gewesen, mit gr\u00f6\u00dftm\u00f6g\u00c2\u00adlicher Kontinuit\u00e4t den \u00dcbergang in die neue EU-F\u00f6rderperioden zu gew\u00e4hrleisten.<\/p>\n<p>In regionalen Entwicklungskonzepten hatten die 24 Regionen unter Einbindung von Kommu\u00c2\u00adnen, Fachverb\u00e4nden und interessierten B\u00fcrgerinnen und B\u00fcrgern die wichtigsten Hand\u00c2\u00adlungsfelder bestimmt und Startprojekte benannt. \u201eEiner der wichtigsten Aspekte des LEADER-Programms ist, dass jedes Konzept auch in der Region entwickelt wird. Und zwar nicht am gr\u00fcnen Tisch von reinen Funktionstr\u00e4gern, sondern unter Mitwirkung sowohl der B\u00fcrgerinnen und B\u00fcrger vor Ort\u00c2\u00a0 als auch der regionalen Wirtschaft und vieler Interessensverb\u00e4nde. So kommen jeweils sehr auf die individuelle Situation einer Region angepasste Entwicklungspl\u00e4ne zustande. So k\u00f6nnen die Probleme vor Ort am besten gel\u00f6st werden\u201c, kommentierte Priska Hinz. \u201eAu\u00dferdem ist mir als Umweltministerin auch wichtig, dass in den neuen Richtlinien zum LEADER-Programm Projekte zum Klimaschutz und zur Klimaanpassung ausdr\u00fccklich gefordert werden. Denn die Verbesserung der \u00d6kologie braucht gerade im l\u00e4ndlichen Raum unsere Unterst\u00fctzung\u201c. Die F\u00f6rdermittel werden dringend gebraucht, um Projekte umsetzen zu k\u00f6nnen, die sich insbesondere aus den demografischen Ver\u00e4nde\u00c2\u00adrungen der l\u00e4ndlichen R\u00e4ume ergeben. L\u00f6sungsans\u00e4tze zur Aufrechterhaltung einer be\u00c2\u00addarfsgerechten Infrastrukturausstattung und Siedlungsentwicklung sind dabei neben Betreu\u00c2\u00adungs- und Mobilit\u00e4tsangeboten von zentraler Bedeutung. Der wirtschaftlichen Entwicklung und Ansiedlung von Kleinstunternehmen (bis zehn Arbeitspl\u00e4tze) in Produktion, Dienstleis\u00c2\u00adtung und Tourismus gilt gr\u00f6\u00dfte Aufmerksamkeit. Auch gelte es in der zuk\u00fcnftigen Arbeit, das sich wandelnde Abbild der Gesellschaft noch besser in die Arbeitsstrukturen einzube\u00c2\u00adziehen. Neben einer ausgewogenen Vertretung der Geschlechter gelte es beispielsweise die Altersstruktur der Gesellschaft, Inklusion und Migration st\u00e4rker in die Arbeitsprozesse einzubeziehen.<\/p>\n<p>Neben den bereitgestellten Zusch\u00fcssen in H\u00f6he von ca. 50 Millionen Euro liegt der Mehrwert der LEADER-F\u00f6rderung in den strategischen Ans\u00e4tzen, die erf\u00fcllt werden m\u00fcssen um die F\u00f6rdermittel in Anspruch nehmen zu k\u00f6nnen. Es geht um abgestimmte Prozesse von Politik, Zivilgesellschaft und Wirtschaft, um interdisziplin\u00e4re Herangehensweisen und regionale Ab\u00c2\u00adstimmung. Die neue Richtlinie des Landes Hessen zur F\u00f6rderung der l\u00e4ndlichen Entwicklung bietet hierf\u00fcr umfassende F\u00f6rderm\u00f6glichkeiten. Neben den klassischen Investitionen k\u00f6nnen Dienstleistungen f\u00fcr Projektentwicklung und Begleitung sowie projektbezogene Personal\u00c2\u00adkosten unterst\u00fctzt werden. Neben den kommunalen Zuwendungsempf\u00e4ngern richtet sich das F\u00f6rderangebot verst\u00e4rkt auch an private Initiativen und Unternehmen.<\/p>\n<p>Interessierte B\u00fcrgerinnen und B\u00fcrger k\u00f6nnen sich zu Fragen einer m\u00f6glichen LEADER-F\u00f6r\u00c2\u00adderung an die folgenden anerkannten Lokalen Aktionsgruppen wenden. Bewilligungsbeh\u00f6rde ist die f\u00fcr Dorf- und Regionalentwicklung zust\u00e4ndige Abteilung der Landr\u00e4te:<br \/>\nLokale Aktionsgruppe Burgwald-Ederbergland: info@region-burgwald-ederbergland.de<br \/>\nLokale Aktionsgruppe Casseler Bergland: info@region-kassel-land.de<br \/>\nLokale Aktionsgruppe Darmstadt-Dieburg: regionalmanagement@darmstadt-dieburg.de<br \/>\nLokale Aktionsgruppe Diemelsee-Nordwaldeck: leader@region-naturpark-diemelsee.de<br \/>\nLokale Aktionsgruppe Fulda S\u00fcdwest: gemeinde@flieden.de<br \/>\nLokale Aktionsgruppe Gie\u00dfenerLand: region@giessenerland.de<br \/>\nLokale Aktionsgruppe Hersfeld-Rotenburg: sigrid.wetterau@regionalforum-hef-rof.de<br \/>\nLokale Aktionsgruppe Kellerwald-Edersee: kuepper@region-kellerwald-edersee.de<br \/>\nLokale Aktionsgruppe Kn\u00fcll: zweckverband.knuellgebiet@t-online.de<br \/>\nLokale Aktionsgruppe KulturlandschaftHessenSpitze: info@region-kassel-land.de<br \/>\nLokale Aktionsgruppe Lahn-Dill-Bergland: m.klein@lahn-dill-bergland.de<br \/>\nLokale Aktionsgruppe Lahn-Dill-Wetzlar: info@lahn-dill-wetzlar.de<br \/>\nLokale Aktionsgruppe Limburg-Weilburg: gw@wfg-lwd.de<br \/>\nLokale Aktionsgruppe Marburger Land: heike.rupp@stadtallendorf.de<br \/>\nLokale Aktionsgruppe Mittleres Fuldatal: m.karmann@zgmf.de<br \/>\nLokale Aktionsgruppe Odenwald: igo@oreg.de<br \/>\nLokale Aktionsgruppe Rheingau: zweckverband@eltville.de<br \/>\nLokale Aktionsgruppe Rh\u00f6n: info@vnlr.de<br \/>\nLokale Aktionsgruppe Schwalm Aue: sonjapauly@Borken-Hessen.de<br \/>\nLokale Aktionsgruppe SPESSARTregional: info@spessartregional.de<br \/>\nLokale Aktionsgruppe Taunus: lpv.rtk@t-online.de<br \/>\nLokale Aktionsgruppe Vogelsberg: schaumberg@vogelsberg-consult.de<br \/>\nLokale Aktionsgruppe Werra-Mei\u00dfner:sabine.wilke@vfr-werra-meissner.de<br \/>\nLokale Aktionsgruppe Wetterau\/Oberhessen: info@wfg-wetterau.de<\/p>\n","protected":false},"excerpt":{"rendered":"<div class=\"tmnf_excerpt\"><p>\u201eNachdem die EU nun endlich gr\u00fcnes Licht gegeben hat, steht der erfolgreichen Umsetzung im Rahmen des LEADER-Pro\u00c2\u00adgramms nichts mehr im Weg. F\u00fcr den l\u00e4ndlichen Raum in Hessen sind die Weichen jetzt gestellt f\u00fcr eine positive Entwicklung im l\u00e4ndlichen Raum\u201c, betonte Ministerin Hinz heute bei der \u00dcbergabe der Anerkennungsbescheide an 24 Lokale Aktionsgruppen (LAG). Diese LAG\u00e2\u20ac\u2122s &hellip;<\/p>\n<\/div>","protected":false},"author":1,"featured_media":0,"comment_status":"closed","ping_status":"closed","sticky":false,"template":"","format":"standard","meta":{"footnotes":""},"categories":[1,29,52],"tags":[],"class_list":["post-135389","post","type-post","status-publish","format-standard","hentry","category-startseite","category-politik","category-umwelt"],"_links":{"self":[{"href":"https:\/\/www.fuldaernachrichten.de\/index.php?rest_route=\/wp\/v2\/posts\/135389","targetHints":{"allow":["GET"]}}],"collection":[{"href":"https:\/\/www.fuldaernachrichten.de\/index.php?rest_route=\/wp\/v2\/posts"}],"about":[{"href":"https:\/\/www.fuldaernachrichten.de\/index.php?rest_route=\/wp\/v2\/types\/post"}],"author":[{"embeddable":true,"href":"https:\/\/www.fuldaernachrichten.de\/index.php?rest_route=\/wp\/v2\/users\/1"}],"replies":[{"embeddable":true,"href":"https:\/\/www.fuldaernachrichten.de\/index.php?rest_route=%2Fwp%2Fv2%2Fcomments&post=135389"}],"version-history":[{"count":1,"href":"https:\/\/www.fuldaernachrichten.de\/index.php?rest_route=\/wp\/v2\/posts\/135389\/revisions"}],"predecessor-version":[{"id":135390,"href":"https:\/\/www.fuldaernachrichten.de\/index.php?rest_route=\/wp\/v2\/posts\/135389\/revisions\/135390"}],"wp:attachment":[{"href":"https:\/\/www.fuldaernachrichten.de\/index.php?rest_route=%2Fwp%2Fv2%2Fmedia&parent=135389"}],"wp:term":[{"taxonomy":"category","embeddable":true,"href":"https:\/\/www.fuldaernachrichten.de\/index.php?rest_route=%2Fwp%2Fv2%2Fcategories&post=135389"},{"taxonomy":"post_tag","embeddable":true,"href":"https:\/\/www.fuldaernachrichten.de\/index.php?rest_route=%2Fwp%2Fv2%2Ftags&post=135389"}],"curies":[{"name":"wp","href":"https:\/\/api.w.org\/{rel}","templated":true}]}}