{"id":135380,"date":"2015-02-24T13:48:47","date_gmt":"2015-02-24T12:48:47","guid":{"rendered":"http:\/\/www.fuldaer-nachrichten.de\/?p=135380"},"modified":"2015-02-24T13:48:47","modified_gmt":"2015-02-24T12:48:47","slug":"mit-hessen-empoert-ueber-aeusserung-der-spd-generalsekretaerin","status":"publish","type":"post","link":"https:\/\/www.fuldaernachrichten.de\/?p=135380","title":{"rendered":"MIT Hessen emp\u00f6rt \u00fcber \u00c4u\u00dferung der SPD-Generalsekret\u00e4rin"},"content":{"rendered":"<p>\u201eDie Mittelst\u00e4ndler in Hessen sind emp\u00f6rt \u00fcber die \u00c4u\u00dferungen der SPD-Generalsekret\u00e4rin Fahimi. Sie muss dringend von der SPD zur Ordnung gerufen werden\u201c, fordert der Landesvorsitzende der Mittelstands- und Wirtschaftsvereinigung Hessen (MIT), Frank Hartmann, in Fulda.<\/p>\n<p>SPD-Generalsekret\u00e4rin Yasmin Fahimi habe w\u00f6rtlich im Zusammenhang mit den \u00fcbertriebenen Dokumentationspflichten beim Mindestlohn erkl\u00e4rt: \u201eWer es als Arbeitgeber nicht schafft, einen Stundenzettel ordentlich auszuf\u00fcllen, ist entweder ein Gauner \u2013 oder schlichtweg zu doof\u201c.<\/p>\n<p>Hartmann erkl\u00e4rte, alle Arbeitgeber w\u00fcrden fl\u00e4chendeckend durch diese \u00c4u\u00dferung beleidigt. Dies sei nicht hinnehmbar. Die \u00c4u\u00dferungen der SPD-Generalsekret\u00e4rin seien billige Klassenkampfhetze und zeigten ihre ideologische Verblendung.<\/p>\n<p>Die b\u00fcrokratischen G\u00e4ngelungen des SPD-gef\u00fchrten Arbeitsministeriums werden durch den Dokumentationswahn beim Mindestlohn auf die Spitze getrieben. Dies erkenne man durch die aktuelle Diskussion.<\/p>\n<p>Die SPD-Generalsekret\u00e4rin habe nach ihrem Studium bei der Gewerkschaft gearbeitet und sei dann Generalsekret\u00e4rin der SPD geworden. Praktische Erfahrungen in einem Betrieb fehlten ihr. Sie wisse nicht wirklich, wie die Arbeitsrealit\u00e4t aussehe. Ansonsten w\u00fcrden solche \u00c4u\u00dferungen auch inhaltlich nicht gemacht werden k\u00f6nnen. Denn es gehe nicht einfach um das Ausf\u00fcllen von Formularen, sondern vielfach um die Feststellung der tats\u00e4chlichen Arbeitszeiten. Dieses w\u00fcrde zu erheblichem Arbeitsaufwand f\u00fchren. Viele Mittelst\u00e4ndler h\u00e4tten keinen Verwaltungsapparat, der diese Arbeiten ausf\u00fchre. Dies machen die Mittelst\u00e4ndler abends oder am Wochenende.<\/p>\n<p>Die MIT Hessen fordere die SPD-Generalsekret\u00e4rin auf, sich f\u00fcr die Wortwahl zu entschuldigen. Diese \u00c4u\u00dferungen seien unqualifiziert und beleidigend. Gerne k\u00f6nne man der Generalsekret\u00e4rin ein Praktikum vermitteln, damit sie praktische Erfahrungen im Arbeitsleben bekomme, erkl\u00e4rte Hartmann.<\/p>\n<p>\u201eWenn man wie die SPD-Generalsekret\u00e4rin ein solches Scheinwissen \u00fcber die tats\u00e4chlichen Abl\u00e4ufe in einem Betrieb und der T\u00e4tigkeit der mittelst\u00e4ndischen Arbeitgeber besitzt, wundert man sich nicht mehr \u00fcber die Entscheidungen der SPD\u201c, so Hartmann.<\/p>\n","protected":false},"excerpt":{"rendered":"<div class=\"tmnf_excerpt\"><p>\u201eDie Mittelst\u00e4ndler in Hessen sind emp\u00f6rt \u00fcber die \u00c4u\u00dferungen der SPD-Generalsekret\u00e4rin Fahimi. Sie muss dringend von der SPD zur Ordnung gerufen werden\u201c, fordert der Landesvorsitzende der Mittelstands- und Wirtschaftsvereinigung Hessen (MIT), Frank Hartmann, in Fulda. SPD-Generalsekret\u00e4rin Yasmin Fahimi habe w\u00f6rtlich im Zusammenhang mit den \u00fcbertriebenen Dokumentationspflichten beim Mindestlohn erkl\u00e4rt: \u201eWer es als Arbeitgeber nicht schafft, &hellip;<\/p>\n<\/div>","protected":false},"author":1,"featured_media":0,"comment_status":"closed","ping_status":"closed","sticky":false,"template":"","format":"standard","meta":{"footnotes":""},"categories":[1,29],"tags":[],"class_list":["post-135380","post","type-post","status-publish","format-standard","hentry","category-startseite","category-politik"],"_links":{"self":[{"href":"https:\/\/www.fuldaernachrichten.de\/index.php?rest_route=\/wp\/v2\/posts\/135380","targetHints":{"allow":["GET"]}}],"collection":[{"href":"https:\/\/www.fuldaernachrichten.de\/index.php?rest_route=\/wp\/v2\/posts"}],"about":[{"href":"https:\/\/www.fuldaernachrichten.de\/index.php?rest_route=\/wp\/v2\/types\/post"}],"author":[{"embeddable":true,"href":"https:\/\/www.fuldaernachrichten.de\/index.php?rest_route=\/wp\/v2\/users\/1"}],"replies":[{"embeddable":true,"href":"https:\/\/www.fuldaernachrichten.de\/index.php?rest_route=%2Fwp%2Fv2%2Fcomments&post=135380"}],"version-history":[{"count":1,"href":"https:\/\/www.fuldaernachrichten.de\/index.php?rest_route=\/wp\/v2\/posts\/135380\/revisions"}],"predecessor-version":[{"id":135381,"href":"https:\/\/www.fuldaernachrichten.de\/index.php?rest_route=\/wp\/v2\/posts\/135380\/revisions\/135381"}],"wp:attachment":[{"href":"https:\/\/www.fuldaernachrichten.de\/index.php?rest_route=%2Fwp%2Fv2%2Fmedia&parent=135380"}],"wp:term":[{"taxonomy":"category","embeddable":true,"href":"https:\/\/www.fuldaernachrichten.de\/index.php?rest_route=%2Fwp%2Fv2%2Fcategories&post=135380"},{"taxonomy":"post_tag","embeddable":true,"href":"https:\/\/www.fuldaernachrichten.de\/index.php?rest_route=%2Fwp%2Fv2%2Ftags&post=135380"}],"curies":[{"name":"wp","href":"https:\/\/api.w.org\/{rel}","templated":true}]}}