{"id":135364,"date":"2015-02-24T13:44:20","date_gmt":"2015-02-24T12:44:20","guid":{"rendered":"http:\/\/www.fuldaer-nachrichten.de\/?p=135364"},"modified":"2015-02-24T13:44:20","modified_gmt":"2015-02-24T12:44:20","slug":"vortrag-der-habicht-vogel-des-jahres","status":"publish","type":"post","link":"https:\/\/www.fuldaernachrichten.de\/?p=135364","title":{"rendered":"Vortrag: \u201eDer Habicht \u2013 Vogel des Jahres\u201c"},"content":{"rendered":"<p>Dipl.-Biologe Joachim Jenrich h\u00e4lt am Donnerstag, 05.03.2015, mit dem Nabu und dem Rh\u00f6nklub Hilders einen Vortrag \u00fcber den Habicht. Veranstaltungsort ist die Alte Schule, Schulstra\u00dfe 2 in 36115 Hilders. Der Vortrag ist kostenfrei.<\/p>\n","protected":false},"excerpt":{"rendered":"<div class=\"tmnf_excerpt\"><p>Dipl.-Biologe Joachim Jenrich h\u00e4lt am Donnerstag, 05.03.2015, mit dem Nabu und dem Rh\u00f6nklub Hilders einen Vortrag \u00fcber den Habicht. Veranstaltungsort ist die Alte Schule, Schulstra\u00dfe 2 in 36115 Hilders. Der Vortrag ist kostenfrei.<\/p>\n<\/div>","protected":false},"author":1,"featured_media":0,"comment_status":"closed","ping_status":"closed","sticky":false,"template":"","format":"standard","meta":{"footnotes":""},"categories":[1],"tags":[],"class_list":["post-135364","post","type-post","status-publish","format-standard","hentry","category-startseite"],"_links":{"self":[{"href":"https:\/\/www.fuldaernachrichten.de\/index.php?rest_route=\/wp\/v2\/posts\/135364","targetHints":{"allow":["GET"]}}],"collection":[{"href":"https:\/\/www.fuldaernachrichten.de\/index.php?rest_route=\/wp\/v2\/posts"}],"about":[{"href":"https:\/\/www.fuldaernachrichten.de\/index.php?rest_route=\/wp\/v2\/types\/post"}],"author":[{"embeddable":true,"href":"https:\/\/www.fuldaernachrichten.de\/index.php?rest_route=\/wp\/v2\/users\/1"}],"replies":[{"embeddable":true,"href":"https:\/\/www.fuldaernachrichten.de\/index.php?rest_route=%2Fwp%2Fv2%2Fcomments&post=135364"}],"version-history":[{"count":1,"href":"https:\/\/www.fuldaernachrichten.de\/index.php?rest_route=\/wp\/v2\/posts\/135364\/revisions"}],"predecessor-version":[{"id":135365,"href":"https:\/\/www.fuldaernachrichten.de\/index.php?rest_route=\/wp\/v2\/posts\/135364\/revisions\/135365"}],"wp:attachment":[{"href":"https:\/\/www.fuldaernachrichten.de\/index.php?rest_route=%2Fwp%2Fv2%2Fmedia&parent=135364"}],"wp:term":[{"taxonomy":"category","embeddable":true,"href":"https:\/\/www.fuldaernachrichten.de\/index.php?rest_route=%2Fwp%2Fv2%2Fcategories&post=135364"},{"taxonomy":"post_tag","embeddable":true,"href":"https:\/\/www.fuldaernachrichten.de\/index.php?rest_route=%2Fwp%2Fv2%2Ftags&post=135364"}],"curies":[{"name":"wp","href":"https:\/\/api.w.org\/{rel}","templated":true}]}}