{"id":135362,"date":"2015-02-24T13:43:57","date_gmt":"2015-02-24T12:43:57","guid":{"rendered":"http:\/\/www.fuldaer-nachrichten.de\/?p=135362"},"modified":"2015-02-24T13:43:57","modified_gmt":"2015-02-24T12:43:57","slug":"nachtwanderung","status":"publish","type":"post","link":"https:\/\/www.fuldaernachrichten.de\/?p=135362","title":{"rendered":"\u201eNachtWanderung\u201c"},"content":{"rendered":"<p>Astrid Sch\u00e4fer l\u00e4dt am Donnerstag, 05.03.2015, zu einer gesellig-nachdenklichen Wanderung f\u00fcr Unternehmer und F\u00fchrungskr\u00e4fte rund um die Milseburg. Treffpunkt ist um 18:00 Uhr am Wanderparkplatz Danzwiesen, 36145 Hofbieber. Die Kosten inklusive Rh\u00f6ner Imbiss betragen 25,- \u00e2\u201a\u00ac. Um eine Anmeldung bis zum 01.03.2015 bei Astrid Sch\u00e4fer unter Tel.: 06657-9142834 oder unter astrid@vorw\u00e4rtsstarten.de wird gebeten.<\/p>\n","protected":false},"excerpt":{"rendered":"<div class=\"tmnf_excerpt\"><p>Astrid Sch\u00e4fer l\u00e4dt am Donnerstag, 05.03.2015, zu einer gesellig-nachdenklichen Wanderung f\u00fcr Unternehmer und F\u00fchrungskr\u00e4fte rund um die Milseburg. Treffpunkt ist um 18:00 Uhr am Wanderparkplatz Danzwiesen, 36145 Hofbieber. Die Kosten inklusive Rh\u00f6ner Imbiss betragen 25,- \u00e2\u201a\u00ac. Um eine Anmeldung bis zum 01.03.2015 bei Astrid Sch\u00e4fer unter Tel.: 06657-9142834 oder unter astrid@vorw\u00e4rtsstarten.de wird gebeten.<\/p>\n<\/div>","protected":false},"author":1,"featured_media":0,"comment_status":"closed","ping_status":"closed","sticky":false,"template":"","format":"standard","meta":{"footnotes":""},"categories":[1,52],"tags":[],"class_list":["post-135362","post","type-post","status-publish","format-standard","hentry","category-startseite","category-umwelt"],"_links":{"self":[{"href":"https:\/\/www.fuldaernachrichten.de\/index.php?rest_route=\/wp\/v2\/posts\/135362","targetHints":{"allow":["GET"]}}],"collection":[{"href":"https:\/\/www.fuldaernachrichten.de\/index.php?rest_route=\/wp\/v2\/posts"}],"about":[{"href":"https:\/\/www.fuldaernachrichten.de\/index.php?rest_route=\/wp\/v2\/types\/post"}],"author":[{"embeddable":true,"href":"https:\/\/www.fuldaernachrichten.de\/index.php?rest_route=\/wp\/v2\/users\/1"}],"replies":[{"embeddable":true,"href":"https:\/\/www.fuldaernachrichten.de\/index.php?rest_route=%2Fwp%2Fv2%2Fcomments&post=135362"}],"version-history":[{"count":1,"href":"https:\/\/www.fuldaernachrichten.de\/index.php?rest_route=\/wp\/v2\/posts\/135362\/revisions"}],"predecessor-version":[{"id":135363,"href":"https:\/\/www.fuldaernachrichten.de\/index.php?rest_route=\/wp\/v2\/posts\/135362\/revisions\/135363"}],"wp:attachment":[{"href":"https:\/\/www.fuldaernachrichten.de\/index.php?rest_route=%2Fwp%2Fv2%2Fmedia&parent=135362"}],"wp:term":[{"taxonomy":"category","embeddable":true,"href":"https:\/\/www.fuldaernachrichten.de\/index.php?rest_route=%2Fwp%2Fv2%2Fcategories&post=135362"},{"taxonomy":"post_tag","embeddable":true,"href":"https:\/\/www.fuldaernachrichten.de\/index.php?rest_route=%2Fwp%2Fv2%2Ftags&post=135362"}],"curies":[{"name":"wp","href":"https:\/\/api.w.org\/{rel}","templated":true}]}}