{"id":135342,"date":"2015-02-24T11:59:33","date_gmt":"2015-02-24T10:59:33","guid":{"rendered":"http:\/\/www.fuldaer-nachrichten.de\/?p=135342"},"modified":"2015-02-24T11:59:33","modified_gmt":"2015-02-24T10:59:33","slug":"bildungsurlaub-oranje-boven-in-amsterdam","status":"publish","type":"post","link":"https:\/\/www.fuldaernachrichten.de\/?p=135342","title":{"rendered":"Bildungsurlaub \u201eOranje boven\u201c in Amsterdam"},"content":{"rendered":"<p>Unter dem Motto \u201eOranje boven\u201c laden die Jugendbildungswerke von Stadt und Landkreis Fulda sowie des Vogelsbergkreises in den Osterferien von Dienstag, 7. bis Samstag, 11. April 2015, zu einer spannenden Entdeckungsreise in die niederl\u00e4ndische Metropole Amsterdam ein. Teilnehmen k\u00f6nnen interessierte Sch\u00fcler\/-innen und Auszubildende ab 16 Jahren. Auf dem Programm stehen Stadterkundungen, das nachbarschaftliche Verh\u00e4ltnis von Deutschen und Holl\u00e4ndern, Gemeinsamkeiten und Unterschiede in Politik, Bildung und Wirtschaft sowie der unterschiedliche Umgang mit Zuwanderung und Drogen.<\/p>\n<p>Daneben bleibt gen\u00fcgend Zeit, das facettenreiche Amsterdam auf eigene Faust intensiv kennen zu lernen und zu erleben.<\/p>\n<p>Die Unterbringung erfolgt in einer innenstadtnahen Jugendherberge. Im Teilnahmebeitrag von 220 Euro sind die Fahrtkosten, Unterkunft und Halbpension enthalten.<\/p>\n<p>Die Veranstaltung ist nach dem Hessischen Bildungsurlaubsgesetz (HBUG) anerkannt.<\/p>\n<p>F\u00fcr Interessierte gibt es noch freie Pl\u00e4tze. Genauere Informationen sind bei Ulli Greb unter Telefon 0661\/102-1990 erh\u00e4ltlich.<\/p>\n","protected":false},"excerpt":{"rendered":"<div class=\"tmnf_excerpt\"><p>Unter dem Motto \u201eOranje boven\u201c laden die Jugendbildungswerke von Stadt und Landkreis Fulda sowie des Vogelsbergkreises in den Osterferien von Dienstag, 7. bis Samstag, 11. April 2015, zu einer spannenden Entdeckungsreise in die niederl\u00e4ndische Metropole Amsterdam ein. Teilnehmen k\u00f6nnen interessierte Sch\u00fcler\/-innen und Auszubildende ab 16 Jahren. Auf dem Programm stehen Stadterkundungen, das nachbarschaftliche Verh\u00e4ltnis von &hellip;<\/p>\n<\/div>","protected":false},"author":1,"featured_media":0,"comment_status":"closed","ping_status":"closed","sticky":false,"template":"","format":"standard","meta":{"footnotes":""},"categories":[1,53,52],"tags":[],"class_list":["post-135342","post","type-post","status-publish","format-standard","hentry","category-startseite","category-bildung","category-umwelt"],"_links":{"self":[{"href":"https:\/\/www.fuldaernachrichten.de\/index.php?rest_route=\/wp\/v2\/posts\/135342","targetHints":{"allow":["GET"]}}],"collection":[{"href":"https:\/\/www.fuldaernachrichten.de\/index.php?rest_route=\/wp\/v2\/posts"}],"about":[{"href":"https:\/\/www.fuldaernachrichten.de\/index.php?rest_route=\/wp\/v2\/types\/post"}],"author":[{"embeddable":true,"href":"https:\/\/www.fuldaernachrichten.de\/index.php?rest_route=\/wp\/v2\/users\/1"}],"replies":[{"embeddable":true,"href":"https:\/\/www.fuldaernachrichten.de\/index.php?rest_route=%2Fwp%2Fv2%2Fcomments&post=135342"}],"version-history":[{"count":1,"href":"https:\/\/www.fuldaernachrichten.de\/index.php?rest_route=\/wp\/v2\/posts\/135342\/revisions"}],"predecessor-version":[{"id":135343,"href":"https:\/\/www.fuldaernachrichten.de\/index.php?rest_route=\/wp\/v2\/posts\/135342\/revisions\/135343"}],"wp:attachment":[{"href":"https:\/\/www.fuldaernachrichten.de\/index.php?rest_route=%2Fwp%2Fv2%2Fmedia&parent=135342"}],"wp:term":[{"taxonomy":"category","embeddable":true,"href":"https:\/\/www.fuldaernachrichten.de\/index.php?rest_route=%2Fwp%2Fv2%2Fcategories&post=135342"},{"taxonomy":"post_tag","embeddable":true,"href":"https:\/\/www.fuldaernachrichten.de\/index.php?rest_route=%2Fwp%2Fv2%2Ftags&post=135342"}],"curies":[{"name":"wp","href":"https:\/\/api.w.org\/{rel}","templated":true}]}}