{"id":135339,"date":"2015-02-24T11:59:13","date_gmt":"2015-02-24T10:59:13","guid":{"rendered":"http:\/\/www.fuldaer-nachrichten.de\/?p=135339"},"modified":"2015-02-24T11:59:13","modified_gmt":"2015-02-24T10:59:13","slug":"auswege-aus-fachkraeftemangel-aufgezeigt-60-gaeste-beim-mit-mittelstandsforum-2","status":"publish","type":"post","link":"https:\/\/www.fuldaernachrichten.de\/?p=135339","title":{"rendered":"Auswege aus Fachkr\u00e4ftemangel aufgezeigt &#8211; 60 G\u00e4ste beim MIT-Mittelstandsforum"},"content":{"rendered":"<p>\u201eIch setze mich daf\u00fcr ein, dass sowohl der Meisterbrief als auch die duale Ausbildung auf europ\u00e4ischer Ebene bleiben\u201c, betonte CDU-Europaabgeordneter, Thomas Mann, anl\u00e4sslich des j\u00fcngsten Forums der Mittelstands- und Wirtschaftsvereinigung CDU\/CSU in seiner Begr\u00fc\u00dfungsrede. Rund 60 G\u00e4ste waren zu Gast im Kurf\u00fcrst in Fulda, um Informationen zum Thema Fachkr\u00e4ftemangel und die erfolgreiche Integration von ausl\u00e4ndischen Arbeitskr\u00e4ften zu erhalten. Moderiert wurde die MIT-Veranstaltung von BBZ Mitte-Gesch\u00e4ftsf\u00fchrer Stefan Jehn.<br \/>\nDie St\u00e4rkung der Zusammenarbeit zwischen Stadt und Landkreis \u2013 das steht im Blickpunkt von Dr. Heiko Wingenfeld. Der Erste Kreisbeigeordnete versucht auf diese Weise dem Fachkr\u00e4ftemangel am Bildungs-und Wirtschaftsstandort Fulda entgegen zu wirken. Dar\u00fcber hinaus ist der Politiker bestrebt, die Steuers\u00e4tze m\u00f6glichst niedrig zu halten, um bestm\u00f6gliche Rahmenbedingungen f\u00fcr die mittest\u00e4ndischen Unternehmen der Region zu schaffen.<\/p>\n<p>Den Fachkr\u00e4ftemangel f\u00fchrt der OB-Kandidat eindeutig auf den demografischen Wandel zur\u00fcck: \u201eAuf 1 400 Ausbildungspl\u00e4tze kommen 1 000 Bewerber. Aufgrund der geburtenschwachen Jahrg\u00e4nge k\u00f6nnen wir zuk\u00fcnftig mit einer noch deutlich niedrigeren Bewerberanzahl rechnen\u201c. Fulda erziele mit einer aktuellen Arbeitslosenquote von 3,8 Prozent einen Spitzenwert \u2013 insbesondere im hessenweiten Vergleich. Um diese hohe Arbeitsauslastung beizubehalten, m\u00fcsse Jugendlichen die hervorragenden Chancen und Aufstiegsm\u00f6glichkeiten in Ausbildungsberufen vermittelt werden.<\/p>\n<p>Zu Gast war ebenfalls Prof. Dr. med. Alireza Mirshahi als Paradebeispiel f\u00fcr eine erfolgreiche Integration. Der geb\u00fcrtige Iraner kam im Alter von 14 Jahren gemeinsam mit seinem kleinen Bruder als Fl\u00fcchtling nach Fulda. Nach seinem Abitur am Fuldaer Marianum absolvierte Dr. Mirshahi ein Studium der Humanmedizin und ist heute Direktor der Augenklinik Dardenne in Bonn-Bad Godesberg. Der Mediziner betonte die Wichtigkeit einer fr\u00fchzeitigen Sprachentwicklung, um Migranten das Gef\u00fchl der gesellschaftlichen Zugeh\u00f6rigkeit zu vermitteln.<\/p>\n<p>Zum Bild: Informationsveranstaltung zum Thema Fachkr\u00e4ftemangel: BBZ Mitte-Gesch\u00e4ftsf\u00fchrer Stefan Jehn, MIT-Kreisverbandsgesch\u00e4ftsf\u00fchrer Edwin Balzter, Prof. Dr. med. Alireza Mirshahi , CDU-Europaabgeordneter Thomas Mann, MIT-Stadtverbandsvorsitzender Marc Dechant mit dem Ersten Kreisbeigeordneten Dr. Heiko Wingenfeld und den MIT-Vertretern Patricia Fehrmann, J\u00fcrgen Diener als Kreisvorsitzender und Heike Kleemann (von links).<\/p>\n","protected":false},"excerpt":{"rendered":"<div class=\"tmnf_excerpt\"><p>\u201eIch setze mich daf\u00fcr ein, dass sowohl der Meisterbrief als auch die duale Ausbildung auf europ\u00e4ischer Ebene bleiben\u201c, betonte CDU-Europaabgeordneter, Thomas Mann, anl\u00e4sslich des j\u00fcngsten Forums der Mittelstands- und Wirtschaftsvereinigung CDU\/CSU in seiner Begr\u00fc\u00dfungsrede. Rund 60 G\u00e4ste waren zu Gast im Kurf\u00fcrst in Fulda, um Informationen zum Thema Fachkr\u00e4ftemangel und die erfolgreiche Integration von ausl\u00e4ndischen &hellip;<\/p>\n<\/div>","protected":false},"author":1,"featured_media":135340,"comment_status":"closed","ping_status":"closed","sticky":false,"template":"","format":"standard","meta":{"footnotes":""},"categories":[1,29],"tags":[],"class_list":["post-135339","post","type-post","status-publish","format-standard","has-post-thumbnail","hentry","category-startseite","category-politik"],"_links":{"self":[{"href":"https:\/\/www.fuldaernachrichten.de\/index.php?rest_route=\/wp\/v2\/posts\/135339","targetHints":{"allow":["GET"]}}],"collection":[{"href":"https:\/\/www.fuldaernachrichten.de\/index.php?rest_route=\/wp\/v2\/posts"}],"about":[{"href":"https:\/\/www.fuldaernachrichten.de\/index.php?rest_route=\/wp\/v2\/types\/post"}],"author":[{"embeddable":true,"href":"https:\/\/www.fuldaernachrichten.de\/index.php?rest_route=\/wp\/v2\/users\/1"}],"replies":[{"embeddable":true,"href":"https:\/\/www.fuldaernachrichten.de\/index.php?rest_route=%2Fwp%2Fv2%2Fcomments&post=135339"}],"version-history":[{"count":1,"href":"https:\/\/www.fuldaernachrichten.de\/index.php?rest_route=\/wp\/v2\/posts\/135339\/revisions"}],"predecessor-version":[{"id":135341,"href":"https:\/\/www.fuldaernachrichten.de\/index.php?rest_route=\/wp\/v2\/posts\/135339\/revisions\/135341"}],"wp:featuredmedia":[{"embeddable":true,"href":"https:\/\/www.fuldaernachrichten.de\/index.php?rest_route=\/wp\/v2\/media\/135340"}],"wp:attachment":[{"href":"https:\/\/www.fuldaernachrichten.de\/index.php?rest_route=%2Fwp%2Fv2%2Fmedia&parent=135339"}],"wp:term":[{"taxonomy":"category","embeddable":true,"href":"https:\/\/www.fuldaernachrichten.de\/index.php?rest_route=%2Fwp%2Fv2%2Fcategories&post=135339"},{"taxonomy":"post_tag","embeddable":true,"href":"https:\/\/www.fuldaernachrichten.de\/index.php?rest_route=%2Fwp%2Fv2%2Ftags&post=135339"}],"curies":[{"name":"wp","href":"https:\/\/api.w.org\/{rel}","templated":true}]}}