{"id":135317,"date":"2015-02-23T21:17:11","date_gmt":"2015-02-23T20:17:11","guid":{"rendered":"http:\/\/www.fuldaer-nachrichten.de\/?p=135317"},"modified":"2015-02-23T21:17:11","modified_gmt":"2015-02-23T20:17:11","slug":"feuer-im-neuen-vitanas-senioren-centrum-feuerwehr-und-vitanas-mitarbeiter-probten-den-ernstfall","status":"publish","type":"post","link":"https:\/\/www.fuldaernachrichten.de\/?p=135317","title":{"rendered":"Feuer im neuen Vitanas Senioren Centrum &#8211; Feuerwehr und Vitanas Mitarbeiter probten den Ernstfall"},"content":{"rendered":"<p>Es wurde eine gro\u00dfangelegte \u00dcbung f\u00fcr den Fall der F\u00e4lle. Sowohl die Feuerwehr der Stadt Fulda als auch die neuen Vitanas Mitarbeiter testeten am Montag, 23. Februar 2015 verschiedene Szenarien: eine Rettung, ein L\u00f6scheinsatz und der Abtransport von Verletzten wurden f\u00fcr diesen Zweck nachgestellt.<\/p>\n<p>Bevor das Vitanas Senioren Centrum, das betreute Wohnen Anfang M\u00e4rz und die station\u00e4re Pflege Mitte des Monates er\u00f6ffnet, hatte die Feuerwehr der Stadt Fulda, sowie die Vitanas Mitarbeiter die M\u00f6glichkeit den Ernstfall zu proben und die \u00f6rtlichen Gegebenheiten kennenzulernen. <\/p>\n<p>Herr Klaus Hahner, Hauptbrandmeister, l\u00f6ste gegen 19:00 Uhr den Probealarm aus und koordinierte den gesamten Ablauf. Rund 25 Mitarbeiter des Senioren Centrums, stellten sich zur Verf\u00fcgung und simulierten \u00e4ltere Menschen, da diese h\u00e4ufig k\u00f6rperliche Einschr\u00e4nkungen aufweisen und zum Beispiel schlecht zu Fu\u00df, beziehungsweise auf einen Rollstuhl angewiesen sind.<\/p>\n<p>Die 25 Feuerwehrleute evakuierten die Einrichtung und l\u00f6sten die einzelnen Situationen professionell, so dass ein reibungsloser Ablauf m\u00f6glich war. Im Anschluss fand f\u00fcr alle Teilnehmer ein Auswertungsgespr\u00e4ch statt. \u201eDie Feuerwehr lernt durch solche \u00dcbungen unser Haus kennen und die Kollegen wissen, wie sie sich im Ernstfall verhalten m\u00fcssen.\u201c sagte Thorsten Roch, Centrumsleitung des Vitanas Senioren Centrums Fulda Galerie. <\/p>\n<p>Alle Teilnehmer waren sich einig, dass sie mit der Feuerwehr\u00fcbung sehr zufrieden sind und hoffen, dass es nie zum Ernstfall im derzeit modernsten und sichersten Seniorenheim in Fulda kommen wird. <\/p>\n","protected":false},"excerpt":{"rendered":"<div class=\"tmnf_excerpt\"><p>Es wurde eine gro\u00dfangelegte \u00dcbung f\u00fcr den Fall der F\u00e4lle. Sowohl die Feuerwehr der Stadt Fulda als auch die neuen Vitanas Mitarbeiter testeten am Montag, 23. Februar 2015 verschiedene Szenarien: eine Rettung, ein L\u00f6scheinsatz und der Abtransport von Verletzten wurden f\u00fcr diesen Zweck nachgestellt. Bevor das Vitanas Senioren Centrum, das betreute Wohnen Anfang M\u00e4rz und &hellip;<\/p>\n<\/div>","protected":false},"author":1,"featured_media":135319,"comment_status":"closed","ping_status":"closed","sticky":false,"template":"","format":"standard","meta":{"footnotes":""},"categories":[1,72],"tags":[],"class_list":["post-135317","post","type-post","status-publish","format-standard","has-post-thumbnail","hentry","category-startseite","category-jugend"],"_links":{"self":[{"href":"https:\/\/www.fuldaernachrichten.de\/index.php?rest_route=\/wp\/v2\/posts\/135317","targetHints":{"allow":["GET"]}}],"collection":[{"href":"https:\/\/www.fuldaernachrichten.de\/index.php?rest_route=\/wp\/v2\/posts"}],"about":[{"href":"https:\/\/www.fuldaernachrichten.de\/index.php?rest_route=\/wp\/v2\/types\/post"}],"author":[{"embeddable":true,"href":"https:\/\/www.fuldaernachrichten.de\/index.php?rest_route=\/wp\/v2\/users\/1"}],"replies":[{"embeddable":true,"href":"https:\/\/www.fuldaernachrichten.de\/index.php?rest_route=%2Fwp%2Fv2%2Fcomments&post=135317"}],"version-history":[{"count":1,"href":"https:\/\/www.fuldaernachrichten.de\/index.php?rest_route=\/wp\/v2\/posts\/135317\/revisions"}],"predecessor-version":[{"id":135320,"href":"https:\/\/www.fuldaernachrichten.de\/index.php?rest_route=\/wp\/v2\/posts\/135317\/revisions\/135320"}],"wp:featuredmedia":[{"embeddable":true,"href":"https:\/\/www.fuldaernachrichten.de\/index.php?rest_route=\/wp\/v2\/media\/135319"}],"wp:attachment":[{"href":"https:\/\/www.fuldaernachrichten.de\/index.php?rest_route=%2Fwp%2Fv2%2Fmedia&parent=135317"}],"wp:term":[{"taxonomy":"category","embeddable":true,"href":"https:\/\/www.fuldaernachrichten.de\/index.php?rest_route=%2Fwp%2Fv2%2Fcategories&post=135317"},{"taxonomy":"post_tag","embeddable":true,"href":"https:\/\/www.fuldaernachrichten.de\/index.php?rest_route=%2Fwp%2Fv2%2Ftags&post=135317"}],"curies":[{"name":"wp","href":"https:\/\/api.w.org\/{rel}","templated":true}]}}