{"id":135311,"date":"2015-02-23T21:15:22","date_gmt":"2015-02-23T20:15:22","guid":{"rendered":"http:\/\/www.fuldaer-nachrichten.de\/?p=135311"},"modified":"2015-02-23T21:15:22","modified_gmt":"2015-02-23T20:15:22","slug":"frischer-wind-im-stadtteil-muensterfeld-neuer-kinder-und-jugendclub","status":"publish","type":"post","link":"https:\/\/www.fuldaernachrichten.de\/?p=135311","title":{"rendered":"Frischer Wind im Stadtteil M\u00fcnsterfeld &#8211; Neuer Kinder- und Jugendclub"},"content":{"rendered":"<p><a href=\"http:\/\/www.fuldaer-nachrichten.de\/wp-content\/uploads\/2015\/02\/Kinder_und_Jugendtreff_M\u00fcnsterfeld_1.jpg\"><img decoding=\"async\" src=\"http:\/\/www.fuldaer-nachrichten.de\/wp-content\/uploads\/2015\/02\/Kinder_und_Jugendtreff_M\u00fcnsterfeld_1-265x177.jpg\" alt=\"Kinder_und_Jugendtreff_M\u00fcnsterfeld_1\" width=\"265\" height=\"177\" class=\"alignleft size-medium wp-image-135313\" \/><\/a>Sehr zentral und mitten im Stadtteil M\u00fcnsterfeld gelegen er\u00f6ffnet am Freitag, 27. Februar 2015, der neue Kinder- und Jugendclub M\u00fcnsterfeld seine Pforten.  Der neue Kinder \u2013und Jugendclub ist ein offenes Angebot f\u00fcr Kinder von sechs Jahren bis ins Teenageralter. Er wird vom Amt f\u00fcr Jugend, Familie und Senioren der Stadt Fulda betrieben und befindet sich in der ehemaligen Krankenpflegeschule, Carl-Schurz-Stra\u00dfe 14.<\/p>\n<p>Der Diplom-Sozialp\u00e4dagoge Guido Kaib bietet gemeinsam mit seinem Team eine bunte Angebotspalette, die von Spiel, Sport, Spa\u00df \u00fcber Kreativangebote wie Musik, Gestaltung, Handwerk bis zu  au\u00dferschulischen Bildungsangeboten wie beispielsweise St\u00e4dtetouren, Rh\u00f6nwanderungen, Museumsbesuche, Kanutouren und vieles mehr an.<\/p>\n<p>Ein gutes und gerechtes Miteinander zwischen den verschiedenen Kulturen des Stadtteils soll das Credo der gemeinsamen Arbeit im Kinder- und Jugendclub sein. Hier wird niemand diskriminiert aufgrund seiner Herkunft, seiner Hautfarbe, seines Geschlechts und seiner Ansichten und Lebensweisen. Die Kinder sollen lernen sich selbst als ein Teil des Kinder- und Jugendclubs wahrzunehmen. Hier k\u00f6nnen sie selbst mitwirken, gestalten und sich somit zusammen mit Freunden ihre eigene kleine Welt zwischen Elternhaus und Schule erschaffen.<\/p>\n<p>Am Freitag, 27. Februar 2015, ab 15 Uhr findet eine Er\u00f6ffnungsfeier in den neuen R\u00e4umen statt. Es wird ein buntes und lustiges Rahmenprogramm mit verschiedenen Spiel- und Kreativangeboten geben.<\/p>\n<p>Das Wochenprogramm des Kinder- und Jugendclub M\u00fcnsterfeld steht bereit fest:<\/p>\n<p>Montag: 15 bis 18 Uhr &#8211; Bunter Montagsspa\u00df f\u00fcr Kinder von 6 bis 12 Jahren. Offenes Kreativangebot mit w\u00f6chentlich wechselnden Angeboten.<\/p>\n<p>Dienstag: 15 bis 18 Uhr \u2013 Jungengruppe ab 12 Jahren \u2013 Anmeldung erforderlich.<\/p>\n<p>Mittwoch: 14:30 bis 18 Uhr \u2013 M\u00e4dchengruppe ab 12 Jahren \u2013 Anmeldung erforderlich.<\/p>\n<p>Donnerstag: Basteln, Werken, Spa\u00df und mehr.<br \/>\n14 bis 16 Uhr f\u00fcr  Kinder von  6 bis 12 Jahren.<br \/>\n16 bis 18 Uhr f\u00fcr Teenager ab 13 Jahren.<\/p>\n<p>Freitags: Offener Treff \u2013 offenes Spiel und Kreativangebot mit w\u00f6chentlich wechselnden Angeboten.<br \/>\n15 bis 18 Uhr f\u00fcr  Kinder von  6 bis 12 Jahren.<br \/>\n18 bis 20 Uhr f\u00fcr Teenager ab 13 Jahren.<\/p>\n<p>Kontakt und Informationen \u00fcber Guido Kaib unter Telefon 0661 102 3142 oder per Email: guido.kaib@fulda.de<\/p>\n","protected":false},"excerpt":{"rendered":"<div class=\"tmnf_excerpt\"><p>Sehr zentral und mitten im Stadtteil M\u00fcnsterfeld gelegen er\u00f6ffnet am Freitag, 27. Februar 2015, der neue Kinder- und Jugendclub M\u00fcnsterfeld seine Pforten. Der neue Kinder \u2013und Jugendclub ist ein offenes Angebot f\u00fcr Kinder von sechs Jahren bis ins Teenageralter. Er wird vom Amt f\u00fcr Jugend, Familie und Senioren der Stadt Fulda betrieben und befindet sich &hellip;<\/p>\n<\/div>","protected":false},"author":1,"featured_media":135312,"comment_status":"closed","ping_status":"closed","sticky":false,"template":"","format":"standard","meta":{"footnotes":""},"categories":[1,53,72],"tags":[],"class_list":["post-135311","post","type-post","status-publish","format-standard","has-post-thumbnail","hentry","category-startseite","category-bildung","category-jugend"],"_links":{"self":[{"href":"https:\/\/www.fuldaernachrichten.de\/index.php?rest_route=\/wp\/v2\/posts\/135311","targetHints":{"allow":["GET"]}}],"collection":[{"href":"https:\/\/www.fuldaernachrichten.de\/index.php?rest_route=\/wp\/v2\/posts"}],"about":[{"href":"https:\/\/www.fuldaernachrichten.de\/index.php?rest_route=\/wp\/v2\/types\/post"}],"author":[{"embeddable":true,"href":"https:\/\/www.fuldaernachrichten.de\/index.php?rest_route=\/wp\/v2\/users\/1"}],"replies":[{"embeddable":true,"href":"https:\/\/www.fuldaernachrichten.de\/index.php?rest_route=%2Fwp%2Fv2%2Fcomments&post=135311"}],"version-history":[{"count":1,"href":"https:\/\/www.fuldaernachrichten.de\/index.php?rest_route=\/wp\/v2\/posts\/135311\/revisions"}],"predecessor-version":[{"id":135314,"href":"https:\/\/www.fuldaernachrichten.de\/index.php?rest_route=\/wp\/v2\/posts\/135311\/revisions\/135314"}],"wp:featuredmedia":[{"embeddable":true,"href":"https:\/\/www.fuldaernachrichten.de\/index.php?rest_route=\/wp\/v2\/media\/135312"}],"wp:attachment":[{"href":"https:\/\/www.fuldaernachrichten.de\/index.php?rest_route=%2Fwp%2Fv2%2Fmedia&parent=135311"}],"wp:term":[{"taxonomy":"category","embeddable":true,"href":"https:\/\/www.fuldaernachrichten.de\/index.php?rest_route=%2Fwp%2Fv2%2Fcategories&post=135311"},{"taxonomy":"post_tag","embeddable":true,"href":"https:\/\/www.fuldaernachrichten.de\/index.php?rest_route=%2Fwp%2Fv2%2Ftags&post=135311"}],"curies":[{"name":"wp","href":"https:\/\/api.w.org\/{rel}","templated":true}]}}