{"id":135306,"date":"2015-02-23T21:13:03","date_gmt":"2015-02-23T20:13:03","guid":{"rendered":"http:\/\/www.fuldaer-nachrichten.de\/?p=135306"},"modified":"2015-02-23T21:13:03","modified_gmt":"2015-02-23T20:13:03","slug":"flohmarkt-geburtshaus-familienzentrum-e-v-07-maerz-von-10-12-uhr-im-pfarrzentrum-horas","status":"publish","type":"post","link":"https:\/\/www.fuldaernachrichten.de\/?p=135306","title":{"rendered":"Flohmarkt Geburtshaus &#038; Familienzentrum e.V.  &#8211; 07. M\u00e4rz von 10-12 Uhr im Pfarrzentrum Horas"},"content":{"rendered":"<p>Der Geburtshaus und Familienzentrum e.V. l\u00e4dt ein zum Flohmarkt am Samstag, 07. M\u00e4rz von 10-12 Uhr im Pfarrzentrum Horas (Adalbert-Endert-Haus).<br \/>\nJunge Eltern und Familien k\u00f6nnen auf den zahlreichen Tischen nach Kleidern, Spielsachen und anderen Dingen f\u00fcr die J\u00fcngsten st\u00f6bern.  und ins Gespr\u00e4ch mit anderen jungen Eltern und Familien. F\u00fcr das leibliche Wohl ist bestens gesorgt und gibt Gelegenheit, mit anderen Familien ins Gespr\u00e4ch zu kommen. Dazu informiert der Verein \u00fcber sein Angebot rund um Schwangerschaft, Geburt und Eltern werden.<\/p>\n<p>Weitere Informationen erhalten Sie auf www.geburtshaus-fulda.de oder Telefon 0661\/32326.<\/p>\n","protected":false},"excerpt":{"rendered":"<div class=\"tmnf_excerpt\"><p>Der Geburtshaus und Familienzentrum e.V. l\u00e4dt ein zum Flohmarkt am Samstag, 07. M\u00e4rz von 10-12 Uhr im Pfarrzentrum Horas (Adalbert-Endert-Haus). Junge Eltern und Familien k\u00f6nnen auf den zahlreichen Tischen nach Kleidern, Spielsachen und anderen Dingen f\u00fcr die J\u00fcngsten st\u00f6bern. und ins Gespr\u00e4ch mit anderen jungen Eltern und Familien. F\u00fcr das leibliche Wohl ist bestens gesorgt &hellip;<\/p>\n<\/div>","protected":false},"author":1,"featured_media":0,"comment_status":"closed","ping_status":"closed","sticky":false,"template":"","format":"standard","meta":{"footnotes":""},"categories":[72],"tags":[],"class_list":["post-135306","post","type-post","status-publish","format-standard","hentry","category-jugend"],"_links":{"self":[{"href":"https:\/\/www.fuldaernachrichten.de\/index.php?rest_route=\/wp\/v2\/posts\/135306","targetHints":{"allow":["GET"]}}],"collection":[{"href":"https:\/\/www.fuldaernachrichten.de\/index.php?rest_route=\/wp\/v2\/posts"}],"about":[{"href":"https:\/\/www.fuldaernachrichten.de\/index.php?rest_route=\/wp\/v2\/types\/post"}],"author":[{"embeddable":true,"href":"https:\/\/www.fuldaernachrichten.de\/index.php?rest_route=\/wp\/v2\/users\/1"}],"replies":[{"embeddable":true,"href":"https:\/\/www.fuldaernachrichten.de\/index.php?rest_route=%2Fwp%2Fv2%2Fcomments&post=135306"}],"version-history":[{"count":1,"href":"https:\/\/www.fuldaernachrichten.de\/index.php?rest_route=\/wp\/v2\/posts\/135306\/revisions"}],"predecessor-version":[{"id":135307,"href":"https:\/\/www.fuldaernachrichten.de\/index.php?rest_route=\/wp\/v2\/posts\/135306\/revisions\/135307"}],"wp:attachment":[{"href":"https:\/\/www.fuldaernachrichten.de\/index.php?rest_route=%2Fwp%2Fv2%2Fmedia&parent=135306"}],"wp:term":[{"taxonomy":"category","embeddable":true,"href":"https:\/\/www.fuldaernachrichten.de\/index.php?rest_route=%2Fwp%2Fv2%2Fcategories&post=135306"},{"taxonomy":"post_tag","embeddable":true,"href":"https:\/\/www.fuldaernachrichten.de\/index.php?rest_route=%2Fwp%2Fv2%2Ftags&post=135306"}],"curies":[{"name":"wp","href":"https:\/\/api.w.org\/{rel}","templated":true}]}}