{"id":135291,"date":"2015-02-23T21:10:17","date_gmt":"2015-02-23T20:10:17","guid":{"rendered":"http:\/\/www.fuldaer-nachrichten.de\/?p=135291"},"modified":"2015-02-23T21:10:17","modified_gmt":"2015-02-23T20:10:17","slug":"musical-auf-dem-hochseil-im-gemeindezentrum-kuenzell","status":"publish","type":"post","link":"https:\/\/www.fuldaernachrichten.de\/?p=135291","title":{"rendered":"Musical &#8220;Auf dem Hochseil&#8221; im Gemeindezentrum K\u00fcnzell"},"content":{"rendered":"<p>N\u00e4chste Woche Sonntag 1. M\u00e4rz 2015 wird wieder das Musical &#8220;Auf dem Hochseil&#8221; im Gemeindezentrum K\u00fcnzell aufgef\u00fchrt.<\/p>\n<p>Nach dem gro\u00dfen Erfolg im letzten Jahr nun wieder einen Neuauflage.<br \/>\nWer also etwas f\u00fcr die Erweiterung seines Geistes tun m\u00f6chte und dar\u00fcber<br \/>\nhinaus noch tolle Musik erleben will, der sollte unbedingt hin gehen.<br \/>\nEs lohnt sich. Ein musikalisches und t\u00e4nzerisches Highlight,<br \/>\ngepaart mit sinnvollen und geistreichen Texten.<br \/>\nAlso gehen wir gemeinsam &#8220;Auf dem Hochseil&#8221; spazieren und lassen dabei die Seele baumeln.<\/p>\n<p><a href=\"http:\/\/www.fuldaer-nachrichten.de\/wp-content\/uploads\/2015\/02\/7-Beifall-Kopie.jpg\"><img decoding=\"async\" src=\"http:\/\/www.fuldaer-nachrichten.de\/wp-content\/uploads\/2015\/02\/7-Beifall-Kopie-265x177.jpg\" alt=\"7 Beifall - Kopie\" width=\"265\" height=\"177\" class=\"alignnone size-medium wp-image-135293\" srcset=\"https:\/\/www.fuldaernachrichten.de\/wp-content\/uploads\/2015\/02\/7-Beifall-Kopie-265x177.jpg 265w, https:\/\/www.fuldaernachrichten.de\/wp-content\/uploads\/2015\/02\/7-Beifall-Kopie-600x400.jpg 600w, https:\/\/www.fuldaernachrichten.de\/wp-content\/uploads\/2015\/02\/7-Beifall-Kopie.jpg 900w\" sizes=\"(max-width: 265px) 100vw, 265px\" \/><\/a><\/p>\n<p><a href=\"http:\/\/www.fuldaer-nachrichten.de\/wp-content\/uploads\/2015\/02\/2-Tanz-Kopie.jpg\"><img decoding=\"async\" src=\"http:\/\/www.fuldaer-nachrichten.de\/wp-content\/uploads\/2015\/02\/2-Tanz-Kopie-265x177.jpg\" alt=\"2 Tanz - Kopie\" width=\"265\" height=\"177\" class=\"alignnone size-medium wp-image-135294\" srcset=\"https:\/\/www.fuldaernachrichten.de\/wp-content\/uploads\/2015\/02\/2-Tanz-Kopie-265x177.jpg 265w, https:\/\/www.fuldaernachrichten.de\/wp-content\/uploads\/2015\/02\/2-Tanz-Kopie-600x400.jpg 600w, https:\/\/www.fuldaernachrichten.de\/wp-content\/uploads\/2015\/02\/2-Tanz-Kopie.jpg 900w\" sizes=\"(max-width: 265px) 100vw, 265px\" \/><\/a><\/p>\n<p><a href=\"http:\/\/www.fuldaer-nachrichten.de\/wp-content\/uploads\/2015\/02\/4-S\u00e4ngerin-Kopie.jpg\"><img decoding=\"async\" src=\"http:\/\/www.fuldaer-nachrichten.de\/wp-content\/uploads\/2015\/02\/4-S\u00e4ngerin-Kopie-265x177.jpg\" alt=\"4 S\u00e4ngerin - Kopie\" width=\"265\" height=\"177\" class=\"alignnone size-medium wp-image-135295\" \/><\/a><\/p>\n<p><a href=\"http:\/\/www.fuldaer-nachrichten.de\/wp-content\/uploads\/2015\/02\/5-Sodalen-Kopie.jpg\"><img loading=\"lazy\" decoding=\"async\" src=\"http:\/\/www.fuldaer-nachrichten.de\/wp-content\/uploads\/2015\/02\/5-Sodalen-Kopie-265x177.jpg\" alt=\"5 Sodalen - Kopie\" width=\"265\" height=\"177\" class=\"alignnone size-medium wp-image-135296\" srcset=\"https:\/\/www.fuldaernachrichten.de\/wp-content\/uploads\/2015\/02\/5-Sodalen-Kopie-265x177.jpg 265w, https:\/\/www.fuldaernachrichten.de\/wp-content\/uploads\/2015\/02\/5-Sodalen-Kopie-600x400.jpg 600w, https:\/\/www.fuldaernachrichten.de\/wp-content\/uploads\/2015\/02\/5-Sodalen-Kopie.jpg 900w\" sizes=\"(max-width: 265px) 100vw, 265px\" \/><\/a><\/p>\n<p><a href=\"http:\/\/www.fuldaer-nachrichten.de\/wp-content\/uploads\/2015\/02\/6-Hochseil-Kopie.jpg\"><img loading=\"lazy\" decoding=\"async\" src=\"http:\/\/www.fuldaer-nachrichten.de\/wp-content\/uploads\/2015\/02\/6-Hochseil-Kopie-265x177.jpg\" alt=\"6 Hochseil - Kopie\" width=\"265\" height=\"177\" class=\"alignnone size-medium wp-image-135297\" srcset=\"https:\/\/www.fuldaernachrichten.de\/wp-content\/uploads\/2015\/02\/6-Hochseil-Kopie-265x177.jpg 265w, https:\/\/www.fuldaernachrichten.de\/wp-content\/uploads\/2015\/02\/6-Hochseil-Kopie-600x400.jpg 600w, https:\/\/www.fuldaernachrichten.de\/wp-content\/uploads\/2015\/02\/6-Hochseil-Kopie.jpg 900w\" sizes=\"(max-width: 265px) 100vw, 265px\" \/><\/a><\/p>\n","protected":false},"excerpt":{"rendered":"<div class=\"tmnf_excerpt\"><p>N\u00e4chste Woche Sonntag 1. M\u00e4rz 2015 wird wieder das Musical &#8220;Auf dem Hochseil&#8221; im Gemeindezentrum K\u00fcnzell aufgef\u00fchrt. Nach dem gro\u00dfen Erfolg im letzten Jahr nun wieder einen Neuauflage. Wer also etwas f\u00fcr die Erweiterung seines Geistes tun m\u00f6chte und dar\u00fcber hinaus noch tolle Musik erleben will, der sollte unbedingt hin gehen. Es lohnt sich. Ein &hellip;<\/p>\n<\/div>","protected":false},"author":1,"featured_media":135292,"comment_status":"closed","ping_status":"closed","sticky":false,"template":"","format":"standard","meta":{"footnotes":""},"categories":[1,44],"tags":[],"class_list":["post-135291","post","type-post","status-publish","format-standard","has-post-thumbnail","hentry","category-startseite","category-kultur"],"_links":{"self":[{"href":"https:\/\/www.fuldaernachrichten.de\/index.php?rest_route=\/wp\/v2\/posts\/135291","targetHints":{"allow":["GET"]}}],"collection":[{"href":"https:\/\/www.fuldaernachrichten.de\/index.php?rest_route=\/wp\/v2\/posts"}],"about":[{"href":"https:\/\/www.fuldaernachrichten.de\/index.php?rest_route=\/wp\/v2\/types\/post"}],"author":[{"embeddable":true,"href":"https:\/\/www.fuldaernachrichten.de\/index.php?rest_route=\/wp\/v2\/users\/1"}],"replies":[{"embeddable":true,"href":"https:\/\/www.fuldaernachrichten.de\/index.php?rest_route=%2Fwp%2Fv2%2Fcomments&post=135291"}],"version-history":[{"count":1,"href":"https:\/\/www.fuldaernachrichten.de\/index.php?rest_route=\/wp\/v2\/posts\/135291\/revisions"}],"predecessor-version":[{"id":135298,"href":"https:\/\/www.fuldaernachrichten.de\/index.php?rest_route=\/wp\/v2\/posts\/135291\/revisions\/135298"}],"wp:featuredmedia":[{"embeddable":true,"href":"https:\/\/www.fuldaernachrichten.de\/index.php?rest_route=\/wp\/v2\/media\/135292"}],"wp:attachment":[{"href":"https:\/\/www.fuldaernachrichten.de\/index.php?rest_route=%2Fwp%2Fv2%2Fmedia&parent=135291"}],"wp:term":[{"taxonomy":"category","embeddable":true,"href":"https:\/\/www.fuldaernachrichten.de\/index.php?rest_route=%2Fwp%2Fv2%2Fcategories&post=135291"},{"taxonomy":"post_tag","embeddable":true,"href":"https:\/\/www.fuldaernachrichten.de\/index.php?rest_route=%2Fwp%2Fv2%2Ftags&post=135291"}],"curies":[{"name":"wp","href":"https:\/\/api.w.org\/{rel}","templated":true}]}}