{"id":135206,"date":"2015-02-20T20:30:15","date_gmt":"2015-02-20T19:30:15","guid":{"rendered":"http:\/\/www.fuldaer-nachrichten.de\/?p=135206"},"modified":"2015-02-20T20:30:15","modified_gmt":"2015-02-20T19:30:15","slug":"basar-der-kita-fantasia","status":"publish","type":"post","link":"https:\/\/www.fuldaernachrichten.de\/?p=135206","title":{"rendered":"Basar der Kita Fantasia"},"content":{"rendered":"<p>Der Elternbeirat der \u201eKita Fantasia Harmerz\u201c veranstaltet am Samstag, 07. M\u00e4rz 2015, von 10.00 bis 12.00 Uhr\u00c2\u00a0 seinen Kleider- und Spielzeugbasar im Vereinszentrum Johannesberg. Verkauft werden Baby- und Kinderbekleidung, Spielsachen, Baby- und\u00c2\u00a0 Kleinkinderzubeh\u00f6r, Umstandskleidung, B\u00fccher und Tontr\u00e4ger. Kaffee und Kuchen gibt es f\u00fcr zwischendurch oder auch zum Mitnehmen. Annahme ist am Freitag, 06. M\u00e4rz 2015 von 15.00 bis 17.00 Uhr im Vereinszentrum. R\u00fcckgabe am Samstag, 07. M\u00e4rz 2015 von 16.00 bis 17.00 Uhr. 15 Prozent des Erl\u00f6ses kommen der Kita Fantasia zugute. Verkaufsnummern und weitere Informationen vom 23. Februar bis 06. M\u00e4rz 2015, unter Telefon 0661-4800231.<\/p>\n","protected":false},"excerpt":{"rendered":"<div class=\"tmnf_excerpt\"><p>Der Elternbeirat der \u201eKita Fantasia Harmerz\u201c veranstaltet am Samstag, 07. M\u00e4rz 2015, von 10.00 bis 12.00 Uhr\u00c2\u00a0 seinen Kleider- und Spielzeugbasar im Vereinszentrum Johannesberg. Verkauft werden Baby- und Kinderbekleidung, Spielsachen, Baby- und\u00c2\u00a0 Kleinkinderzubeh\u00f6r, Umstandskleidung, B\u00fccher und Tontr\u00e4ger. Kaffee und Kuchen gibt es f\u00fcr zwischendurch oder auch zum Mitnehmen. Annahme ist am Freitag, 06. M\u00e4rz 2015 &hellip;<\/p>\n<\/div>","protected":false},"author":1,"featured_media":0,"comment_status":"closed","ping_status":"closed","sticky":false,"template":"","format":"standard","meta":{"footnotes":""},"categories":[1,72],"tags":[],"class_list":["post-135206","post","type-post","status-publish","format-standard","hentry","category-startseite","category-jugend"],"_links":{"self":[{"href":"https:\/\/www.fuldaernachrichten.de\/index.php?rest_route=\/wp\/v2\/posts\/135206","targetHints":{"allow":["GET"]}}],"collection":[{"href":"https:\/\/www.fuldaernachrichten.de\/index.php?rest_route=\/wp\/v2\/posts"}],"about":[{"href":"https:\/\/www.fuldaernachrichten.de\/index.php?rest_route=\/wp\/v2\/types\/post"}],"author":[{"embeddable":true,"href":"https:\/\/www.fuldaernachrichten.de\/index.php?rest_route=\/wp\/v2\/users\/1"}],"replies":[{"embeddable":true,"href":"https:\/\/www.fuldaernachrichten.de\/index.php?rest_route=%2Fwp%2Fv2%2Fcomments&post=135206"}],"version-history":[{"count":1,"href":"https:\/\/www.fuldaernachrichten.de\/index.php?rest_route=\/wp\/v2\/posts\/135206\/revisions"}],"predecessor-version":[{"id":135207,"href":"https:\/\/www.fuldaernachrichten.de\/index.php?rest_route=\/wp\/v2\/posts\/135206\/revisions\/135207"}],"wp:attachment":[{"href":"https:\/\/www.fuldaernachrichten.de\/index.php?rest_route=%2Fwp%2Fv2%2Fmedia&parent=135206"}],"wp:term":[{"taxonomy":"category","embeddable":true,"href":"https:\/\/www.fuldaernachrichten.de\/index.php?rest_route=%2Fwp%2Fv2%2Fcategories&post=135206"},{"taxonomy":"post_tag","embeddable":true,"href":"https:\/\/www.fuldaernachrichten.de\/index.php?rest_route=%2Fwp%2Fv2%2Ftags&post=135206"}],"curies":[{"name":"wp","href":"https:\/\/api.w.org\/{rel}","templated":true}]}}