{"id":135175,"date":"2015-02-19T14:32:38","date_gmt":"2015-02-19T13:32:38","guid":{"rendered":"http:\/\/www.fuldaer-nachrichten.de\/?p=135175"},"modified":"2015-02-19T14:32:38","modified_gmt":"2015-02-19T13:32:38","slug":"hessens-jugend-sammelt-hessischer-jugendring-e-v","status":"publish","type":"post","link":"https:\/\/www.fuldaernachrichten.de\/?p=135175","title":{"rendered":"Hessens Jugend sammelt &#8211; Hessischer Jugendring e. V."},"content":{"rendered":"<p>Hessens Jugend sammelt. Und das schon seit \u00fcber 60 Jahren. Denn sinnvolle Jugendarbeit braucht Unterst\u00fctzung. Daf\u00fcr werden junge Engagierte aktiv bei der Jugendsammelwoche. Das n\u00e4chste Mal vom 20. bis 30. M\u00e4rz 2015.<\/p>\n<p>Der neue Anstrich im Gruppenraum, sozial vertr\u00e4gliche Beitr\u00e4ge f\u00fcr die Sommerfreizeit oder Materialien f\u00fcr die Gruppenstunde \u2013 Jugendarbeit ist wertvoll, aber nicht ganz kostenlos. Zwar werden die Angebote vor allem vom ehrenamtlichen Engagement getragen. Dennoch geht es nicht ohne eine vern\u00fcnftige finanzielle Ausstattung. Hessens Jugend wird deshalb wieder aktiv bei der Jugendsammelwoche 2015. Vom 20. bis 30. M\u00e4rz gehen junge Menschen von Haus zu Haus und bitten um Unterst\u00fctzung f\u00fcr ihre Anliegen.<\/p>\n<p>Die Jugendsammelwoche ist seit \u00fcber 60 Jahren ein Gemeinschaftsprojekt der sammelnden Gruppen mit den Jugend\u00e4mtern und dem Hessischen Jugendring. \u201eDie Aktion ist eine wichtige S\u00e4ule der Finanzierung der Arbeit.\u201c erkl\u00e4rt Mario Machalett, Vorsitzender des Hessischen Jugendrings. \u201eOhne diese Unterst\u00fctzung w\u00e4ren viele Aktionen wie Zeltlager, Gruppenstunden oder au\u00dferschulische Bildungsangebote gar nicht m\u00f6glich.\u201c<\/p>\n<p>Zum Erfolg des Projekts will auch Hessen Ministerpr\u00e4sident Volker Bouffier beitragen, der die Schirmherrschaft f\u00fcr die Jugendsammelwoche \u00fcbernommen hat. \u201eWas Gemeinschaft bedeutet, kann man nirgendwo so gut wie in Vereinen, Verb\u00e4nden und Initiativen erfahren. Deshalb ist es wichtig, dem Ehrenamt eine Zukunft zu geben \u2013 eine Zukunft, die von den Jugendlichen mitgestaltet wird, die heute schon ehrenamtlich t\u00e4tig sind.\u201c erkl\u00e4rte Bouffier in seinem Gru\u00dfwort zur Jugendsammelwoche. Er habe daher die Schirmherrschaft sehr gerne \u00fcbernommen und freue sich, wenn neben das freiwillige Engagement der Jugendlichen auch ein freiwilliger finanzieller Beitrag treten w\u00fcrde.<\/p>\n<p>Rund 75.000 Menschen engagieren sich in Hessen in Jugendverb\u00e4nden mit dem Ziel, Kindern und Jugendlichen eine sinnvolle Freizeitbesch\u00e4ftigung anzubieten. Eine verl\u00e4ssliche Finanzierung ist der Grundstein zum Erreichen dieses Ziels. Gerade in Zeiten knapper, \u00f6ffentlicher Kassen sind auch Projekte der Kinder- und Jugendarbeit immer wieder vom Rotstift bedroht. Bei der Jugendsammelwoche sorgen die jungen Aktiven daher auch f\u00fcr die Zukunft ihrer Angebote. \u201eWenn also vom 20. bis 30. M\u00e4rz die Jugendfeuerwehr oder die Pfadfinder oder eine Gruppe eines anderen Jugendverbands bei Ihnen klingelt, k\u00f6nnen Sie f\u00fcr Nachhaltigkeit vor Ort sorgen.\u201c l\u00e4dt Mario Machalett alle B\u00fcrgerinnen und B\u00fcrger zur Unterst\u00fctzung ein.<\/p>\n","protected":false},"excerpt":{"rendered":"<div class=\"tmnf_excerpt\"><p>Hessens Jugend sammelt. Und das schon seit \u00fcber 60 Jahren. Denn sinnvolle Jugendarbeit braucht Unterst\u00fctzung. Daf\u00fcr werden junge Engagierte aktiv bei der Jugendsammelwoche. Das n\u00e4chste Mal vom 20. bis 30. M\u00e4rz 2015. Der neue Anstrich im Gruppenraum, sozial vertr\u00e4gliche Beitr\u00e4ge f\u00fcr die Sommerfreizeit oder Materialien f\u00fcr die Gruppenstunde \u2013 Jugendarbeit ist wertvoll, aber nicht ganz &hellip;<\/p>\n<\/div>","protected":false},"author":1,"featured_media":0,"comment_status":"closed","ping_status":"closed","sticky":false,"template":"","format":"standard","meta":{"footnotes":""},"categories":[1,53,72],"tags":[],"class_list":["post-135175","post","type-post","status-publish","format-standard","hentry","category-startseite","category-bildung","category-jugend"],"_links":{"self":[{"href":"https:\/\/www.fuldaernachrichten.de\/index.php?rest_route=\/wp\/v2\/posts\/135175","targetHints":{"allow":["GET"]}}],"collection":[{"href":"https:\/\/www.fuldaernachrichten.de\/index.php?rest_route=\/wp\/v2\/posts"}],"about":[{"href":"https:\/\/www.fuldaernachrichten.de\/index.php?rest_route=\/wp\/v2\/types\/post"}],"author":[{"embeddable":true,"href":"https:\/\/www.fuldaernachrichten.de\/index.php?rest_route=\/wp\/v2\/users\/1"}],"replies":[{"embeddable":true,"href":"https:\/\/www.fuldaernachrichten.de\/index.php?rest_route=%2Fwp%2Fv2%2Fcomments&post=135175"}],"version-history":[{"count":1,"href":"https:\/\/www.fuldaernachrichten.de\/index.php?rest_route=\/wp\/v2\/posts\/135175\/revisions"}],"predecessor-version":[{"id":135176,"href":"https:\/\/www.fuldaernachrichten.de\/index.php?rest_route=\/wp\/v2\/posts\/135175\/revisions\/135176"}],"wp:attachment":[{"href":"https:\/\/www.fuldaernachrichten.de\/index.php?rest_route=%2Fwp%2Fv2%2Fmedia&parent=135175"}],"wp:term":[{"taxonomy":"category","embeddable":true,"href":"https:\/\/www.fuldaernachrichten.de\/index.php?rest_route=%2Fwp%2Fv2%2Fcategories&post=135175"},{"taxonomy":"post_tag","embeddable":true,"href":"https:\/\/www.fuldaernachrichten.de\/index.php?rest_route=%2Fwp%2Fv2%2Ftags&post=135175"}],"curies":[{"name":"wp","href":"https:\/\/api.w.org\/{rel}","templated":true}]}}