{"id":135158,"date":"2015-02-19T11:23:15","date_gmt":"2015-02-19T10:23:15","guid":{"rendered":"http:\/\/www.fuldaer-nachrichten.de\/?p=135158"},"modified":"2015-02-19T11:23:15","modified_gmt":"2015-02-19T10:23:15","slug":"der-taegliche-kampf-mit-den-hausaufgaben","status":"publish","type":"post","link":"https:\/\/www.fuldaernachrichten.de\/?p=135158","title":{"rendered":"Der t\u00e4gliche Kampf mit den Hausaufgaben"},"content":{"rendered":"<p>Die Volkshochschule des Vogelsbergkreises bietet am Montag, 2. M\u00e4rz, von 19.30 bis 21 Uhr in der vhs Lauterbach, Obergasse 44, einen Vortrag zum Thema unter Leitung von Rebecca Schmidt-Kobek an.<br \/>\nDer t\u00e4gliche Kampf mit den Hausaufgaben &#8211; sie dauern oft Stunden, alle sind gereizt, die Kinder k\u00f6nnen sich nicht konzentrieren, manche tr\u00e4umen vor sich hin, andere lassen sich ablenken &#8211; wird f\u00fcr die ganze Familie zur Belastungsprobe. Oft besteht der ganze Nachmittag und\/oder das Wochenende nur aus dem Thema Hausaufgaben und Schule. Bestrafungen oder lange Standpauken f\u00fchren da meist nicht zum gew\u00fcnschten Erfolg. Doch was tun? Der Vortrag zeigt M\u00f6glichkeiten der Hilfe auf.<\/p>\n<p>Weitere Informationen und Anmeldung bis 26. Februar bei der vhs, F\u00e4rbergasse 2, 36304 Alsfeld, Tel. 06631 792-7730, oder im Internet unter www.vhs-vogelsberg.de.<\/p>\n","protected":false},"excerpt":{"rendered":"<div class=\"tmnf_excerpt\"><p>Die Volkshochschule des Vogelsbergkreises bietet am Montag, 2. M\u00e4rz, von 19.30 bis 21 Uhr in der vhs Lauterbach, Obergasse 44, einen Vortrag zum Thema unter Leitung von Rebecca Schmidt-Kobek an. Der t\u00e4gliche Kampf mit den Hausaufgaben &#8211; sie dauern oft Stunden, alle sind gereizt, die Kinder k\u00f6nnen sich nicht konzentrieren, manche tr\u00e4umen vor sich hin, &hellip;<\/p>\n<\/div>","protected":false},"author":1,"featured_media":0,"comment_status":"closed","ping_status":"closed","sticky":false,"template":"","format":"standard","meta":{"footnotes":""},"categories":[1,53,72],"tags":[],"class_list":["post-135158","post","type-post","status-publish","format-standard","hentry","category-startseite","category-bildung","category-jugend"],"_links":{"self":[{"href":"https:\/\/www.fuldaernachrichten.de\/index.php?rest_route=\/wp\/v2\/posts\/135158","targetHints":{"allow":["GET"]}}],"collection":[{"href":"https:\/\/www.fuldaernachrichten.de\/index.php?rest_route=\/wp\/v2\/posts"}],"about":[{"href":"https:\/\/www.fuldaernachrichten.de\/index.php?rest_route=\/wp\/v2\/types\/post"}],"author":[{"embeddable":true,"href":"https:\/\/www.fuldaernachrichten.de\/index.php?rest_route=\/wp\/v2\/users\/1"}],"replies":[{"embeddable":true,"href":"https:\/\/www.fuldaernachrichten.de\/index.php?rest_route=%2Fwp%2Fv2%2Fcomments&post=135158"}],"version-history":[{"count":1,"href":"https:\/\/www.fuldaernachrichten.de\/index.php?rest_route=\/wp\/v2\/posts\/135158\/revisions"}],"predecessor-version":[{"id":135159,"href":"https:\/\/www.fuldaernachrichten.de\/index.php?rest_route=\/wp\/v2\/posts\/135158\/revisions\/135159"}],"wp:attachment":[{"href":"https:\/\/www.fuldaernachrichten.de\/index.php?rest_route=%2Fwp%2Fv2%2Fmedia&parent=135158"}],"wp:term":[{"taxonomy":"category","embeddable":true,"href":"https:\/\/www.fuldaernachrichten.de\/index.php?rest_route=%2Fwp%2Fv2%2Fcategories&post=135158"},{"taxonomy":"post_tag","embeddable":true,"href":"https:\/\/www.fuldaernachrichten.de\/index.php?rest_route=%2Fwp%2Fv2%2Ftags&post=135158"}],"curies":[{"name":"wp","href":"https:\/\/api.w.org\/{rel}","templated":true}]}}