{"id":135152,"date":"2015-02-19T11:20:39","date_gmt":"2015-02-19T10:20:39","guid":{"rendered":"http:\/\/www.fuldaer-nachrichten.de\/?p=135152"},"modified":"2015-02-19T11:21:13","modified_gmt":"2015-02-19T10:21:13","slug":"kinder-und-jugendprogramm-2015-auf-dem-sickelser-sippelshof-%e2%80%a8","status":"publish","type":"post","link":"https:\/\/www.fuldaernachrichten.de\/?p=135152","title":{"rendered":"Kinder- und Jugendprogramm 2015 auf dem Sickelser Sippelshof \u00e2\u20ac\u00a8"},"content":{"rendered":"<p>Der Sippelshof in Fulda-Sickels ist seit einigen Jahren vom Geheimtipp zur beliebten Location f\u00fcr Feiern und Hochzeiten avanciert. Was wenige wissen: der Bio-Bauernhof von Guido Sippel (38) hat schon vor 10 Jahren den liebevoll renovierten Stall und angrenzende Scheunen f\u00fcr Kinderfreizeiten ge\u00f6ffnet. F\u00fcr 2015 wird das Programm mit dem Bauernhof als Klassenzimmer, den Ferienbetreuungen und Kindergeburtstagen um den Schwerpunkt Bewegungsf\u00f6rderung (Psychomotorik) erg\u00e4nzt.<\/p>\n<p>Bauernhof als Klassenzimmer &#8211; Vier Jahreszeiten erleben<\/p>\n<p>Wie lange tr\u00e4gt ein Schwein? Wie lange dauert es bis ein Ei \u201eproduziert\u201c wird? Warum haben manche Rinder H\u00f6rner und andere nicht? Das wollen Kinder wissen, wenn sie den Sippelshof in Sickels mit ihrer Kindergartengruppe oder der Schulklasse besuchen. Seit einigen Jahren \u00f6ffnet der Hof im Rahmen des Projekts \u201eBauernhof als Klassenzimmer\u201c regelm\u00e4\u00dfig seine Pforten f\u00fcr Kinder- und Jugendgruppen. Auch in diesem Jahr k\u00f6nnen interessierte Spr\u00f6sslinge das Leben auf einem Bauernhof, die Arbeit auf dem Feld und mit den Tieren kennenlernen. \u00e2\u20ac\u00a8\u00e2\u20ac\u00a8Das Projekt steht in diesem Jahr unter dem Motto \u201eVier Jahreszeiten erleben\u201c und findet vier Mal im Jahr 2015 statt, kann aber auch als einmalige Veranstaltung gebucht werden. Die Kinder werden lernen, dass jede Jahreszeit ihre Besonderheiten hat. Sie werden ein Feld bewirtschaften, s\u00e4en, pflegen, ernten und nat\u00fcrlich auch die Ernte verzehren. Auch der Kontakt zu den Tieren wird nicht zu kurz kommen. Es werden jahreszeitlich aktuelle Themen aufgegriffen, aber auch wiederkehrende und vertraute \u201eArbeiten\u201c verrichtet.<\/p>\n<p>Ferienbetreuung<br \/>\nEs gibt noch andere M\u00f6glichkeiten den Bauernhof mit all seinen Facetten zu erleben: In der Ferienbetreuung k\u00f6nnen die Kinder sich unter der st\u00e4ndigen Anleitung unserer BetreuerInnen und \u00fcber mehrere Tage hinweg intensiv mit den Tieren besch\u00e4ftigen, sie f\u00fcttern und nach dem Rechten schauen. Au\u00dferdem lernen sie auszumisten und einzustreuen, zu s\u00e4en, zu bepflanzen oder Heu zu machen und Kartoffeln oder Beeren zu ernten.<\/p>\n<p>Zu jeder Jahreszeit gibt es f\u00fcr den Bauern und f\u00fcr die Kinder etwas zu tun. Der Bauer erkl\u00e4rt und zeigt gerne wie ein Traktor funktioniert und wozu die vielen Ger\u00e4te auf dem Hof n\u00fctzlich sind.<br \/>\nIn Kleingruppen bereiten die Kinder mit ihren BetreuerInnen \u00fcber dem Feuer oder im Backhaus das Mittagessen zu. Dabei verarbeiten sie zum Beispiel die selbst geernteten Kartoffeln und das selbst gemahlene Mehl.<\/p>\n<p>In der Werkstatt oder im Holzschuppen gibt es immer wieder neue Aufgaben zu meistern. So m\u00fcssen Z\u00e4une repariert, Tore gestrichen oder St\u00e4lle gebaut werden. Die Ferienbetreuung findet in den Osterferien in der Woche vor Ostern von Montag bis Donnerstag und in den Sommerferien die ersten f\u00fcnf Wochen von Montag bis Freitag von 8\u2013 16 Uhr statt.<\/p>\n<p>Kindergeburtstag\u00e2\u20ac\u00a8\u00e2\u20ac\u00a8Auf dem Sippelshof wird auch der Kindergeburtstag zu einem unvergesslichen Erlebnis. Was kann es Sch\u00f6neres geben, als mit den besten Freunden den Kindergeburtstag zu feiern, inmitten von vielen Tieren und der Natur? Je nach Vorliebe und Alter der Geburtstagskinder stellt das Sippelshofteam ein passendes Programm zusammen. Die Kinder erleben Wettrennen mit Schafen, streuen Rinder am Strohboden ein oder entdecken, wie neugierig und zugleich vorsichtig Schweine sind. Sie streicheln Hasen oder f\u00fcttern H\u00fchner aus der Hand, spielen Verstecken im Stroh, gehen auf Schatzsuche, schnitzen St\u00f6cke schnitzen und vieles mehr. Abgerundet wird der Tag am gem\u00fctlichen Lagerfeuer mit W\u00fcrstchen und selbst zubereitetem Stockbrotteig oder mit Pizza, die die Kinder mit den BetreuerInnen selbst vorbereiten und im Holzbackofen backen. Die Kindergeburtstage finden nach Absprache drei oder vier Stunden lang bis 19 Uhr statt.<\/p>\n<p>Bewegungsf\u00f6rderung<\/p>\n<p>Seit Beginn der Ferienbetreuung am Sippelshof im Jahre 2005 ist die Bewegungsf\u00f6rderung ein gro\u00dfes Anliegen des Betreuerteams. F\u00fcr Kinder ist Bewegung essenziell, um ihre Umgebung und sich selbst zu erfahren und um gleichzeitig ihre geistigen F\u00e4higkeiten entwickeln und st\u00e4rken zu k\u00f6nnen. Das Wahrnehmen der eigenen Person und der Umwelt mit allen Sinnen verhilft den Kindern dazu, die Welt mit all ihren Eindr\u00fccken zu verstehen. Gleichzeitig f\u00f6rdert dieser Verstehensprozess die Entwicklung von Phantasie und Kreativit\u00e4t. Die Welt zu verstehen hei\u00dft auch zu erlernen, dass Grenzen und Regeln innerhalb einer Gruppe zwar einschr\u00e4nken, gleichzeitig aber die eigenen Bed\u00fcrfnisse garantieren. \u00e2\u20ac\u00a8\u00e2\u20ac\u00a8Das neue Psychomotorik-Programm am Sippelshof soll den Kindern bei diesen komplexen Selbsterfahrungs- und Lernprozessen unter die Arme greifen und ihr Selbstbewusstsein sowie ihre Kooperations- und Kommunikationsf\u00e4higkeit st\u00e4rken. In festen Kleingruppen werden sich die Kinder viel bewegen, indem sie den Bauernhof mit all seinen Tieren erkunden und selbst t\u00e4tig sind. Dies findet in einem strukturierten und auf die Bed\u00fcrfnisse der Gruppe angepassten Rahmen statt. Zudem gewinnen die Eltern eine Sammlung an Ideen f\u00fcr die Umsetzbarkeit dieser Erfahrungen zu Hause. \u00e2\u20ac\u00a8\u00e2\u20ac\u00a8Angesprochen sind Kinder von 2 &#8211; 4 und 5 &#8211; 8 Jahren, die Auff\u00e4lligkeiten in Wahrnehmung und Koordination, Entwicklungsverz\u00f6gerung und Behinderung, ein mangelndes Selbstbewusstsein und Probleme mit Regeln und Grenzen zeigen. \u00e2\u20ac\u00a8\u00e2\u20ac\u00a8Alexandra Sippel, ausgebildete Psychomotorikerin &amp; Diplom-Sozialp\u00e4dagogin, \u00fcbernimmt dabei die Leitung des Programms. Unterst\u00fctzt wird sie durch eine Studentin der Sozialen Arbeit der Dualen Hochschule Baden-W\u00fcrttemberg. \u00e2\u20ac\u00a8\u00e2\u20ac\u00a8Das Programm findet vom 05.02.2015 bis zum 19.03.2015 jeden Donnerstag von 15 &#8211; 16:30 Uhr f\u00fcr die 2-4-J\u00e4hrigen und von 17 &#8211; 18:30 Uhr f\u00fcr die 5-8-J\u00e4hrigen statt.<\/p>\n<p>Anmeldungen f\u00fcr die verschiedenen Angebote werden \u00fcber die Homepage www.sippelshof.de oder per E-Mail info@sippeshof.de entgegen genommen.<\/p>\n","protected":false},"excerpt":{"rendered":"<div class=\"tmnf_excerpt\"><p>Der Sippelshof in Fulda-Sickels ist seit einigen Jahren vom Geheimtipp zur beliebten Location f\u00fcr Feiern und Hochzeiten avanciert. Was wenige wissen: der Bio-Bauernhof von Guido Sippel (38) hat schon vor 10 Jahren den liebevoll renovierten Stall und angrenzende Scheunen f\u00fcr Kinderfreizeiten ge\u00f6ffnet. F\u00fcr 2015 wird das Programm mit dem Bauernhof als Klassenzimmer, den Ferienbetreuungen und &hellip;<\/p>\n<\/div>","protected":false},"author":1,"featured_media":0,"comment_status":"closed","ping_status":"closed","sticky":false,"template":"","format":"standard","meta":{"footnotes":""},"categories":[1,53,72],"tags":[],"class_list":["post-135152","post","type-post","status-publish","format-standard","hentry","category-startseite","category-bildung","category-jugend"],"_links":{"self":[{"href":"https:\/\/www.fuldaernachrichten.de\/index.php?rest_route=\/wp\/v2\/posts\/135152","targetHints":{"allow":["GET"]}}],"collection":[{"href":"https:\/\/www.fuldaernachrichten.de\/index.php?rest_route=\/wp\/v2\/posts"}],"about":[{"href":"https:\/\/www.fuldaernachrichten.de\/index.php?rest_route=\/wp\/v2\/types\/post"}],"author":[{"embeddable":true,"href":"https:\/\/www.fuldaernachrichten.de\/index.php?rest_route=\/wp\/v2\/users\/1"}],"replies":[{"embeddable":true,"href":"https:\/\/www.fuldaernachrichten.de\/index.php?rest_route=%2Fwp%2Fv2%2Fcomments&post=135152"}],"version-history":[{"count":2,"href":"https:\/\/www.fuldaernachrichten.de\/index.php?rest_route=\/wp\/v2\/posts\/135152\/revisions"}],"predecessor-version":[{"id":135154,"href":"https:\/\/www.fuldaernachrichten.de\/index.php?rest_route=\/wp\/v2\/posts\/135152\/revisions\/135154"}],"wp:attachment":[{"href":"https:\/\/www.fuldaernachrichten.de\/index.php?rest_route=%2Fwp%2Fv2%2Fmedia&parent=135152"}],"wp:term":[{"taxonomy":"category","embeddable":true,"href":"https:\/\/www.fuldaernachrichten.de\/index.php?rest_route=%2Fwp%2Fv2%2Fcategories&post=135152"},{"taxonomy":"post_tag","embeddable":true,"href":"https:\/\/www.fuldaernachrichten.de\/index.php?rest_route=%2Fwp%2Fv2%2Ftags&post=135152"}],"curies":[{"name":"wp","href":"https:\/\/api.w.org\/{rel}","templated":true}]}}