{"id":135141,"date":"2015-02-19T11:16:15","date_gmt":"2015-02-19T10:16:15","guid":{"rendered":"http:\/\/www.fuldaer-nachrichten.de\/?p=135141"},"modified":"2015-02-19T11:16:15","modified_gmt":"2015-02-19T10:16:15","slug":"20jaehriges-dienstjubilaeum-von-kuechenleiter-gangolf-hau","status":"publish","type":"post","link":"https:\/\/www.fuldaernachrichten.de\/?p=135141","title":{"rendered":"20j\u00e4hriges Dienstjubil\u00e4um von K\u00fcchenleiter Gangolf Hau"},"content":{"rendered":"<p>Zum 20j\u00e4hrigen Dienstjubil\u00e4um des K\u00fcchenleiters Gangolf Hau gratulierten Heimbewohner, Ordensschwestern und Mitarbeiter des Alten- und Pflegeheims St. Katharina und der Tagespflege St. Josef, beides Einrichtungen in der Tr\u00e4gerschaft der Barmherzigen Schwestern vom Heiligen Vinzenz von Paul in Fulda.<\/p>\n<p>Heimleiter Oliver Krah w\u00fcrdigte den Jubilar in einer kleinen Feierstunde als langj\u00e4hrigen Mitarbeiter der Einrichtungen und \u201eMann der ersten Stunde\u201c bei Neuer\u00f6ffnung der Fliedener Pflegeeinrichtung in 1995 nach umfassenden Um- und Erweiterungsbau. Auch Erich Grosser, Vorsitzender des Heimbeirates gratulierte im Namen der Heimbewohner und bedankte sich f\u00fcr die gute Essensversorgung.<\/p>\n<p>Der gelernte Koche und Staatlich gepr\u00fcfte Betriebswirt in Fachrichtung Hotel- und Gastst\u00e4ttengewerbe begann im Februar 1995 seinen Dienst in St. Katharina und ist seither f\u00fcr die Leitung der K\u00fcche verantwortlich, die f\u00fcr das Alten- und Pflegeheim, die Tagespflege St. Josef sowie zahlreiche weitere Kunden nach aktuellen ern\u00e4hrungswissenschaftlichen Gesichtspunkten t\u00e4glich frisches Essen produziert. Schwerpunkte liegen dabei auf seniorengerechter Ern\u00e4hrung sowie besonderen Kostformen. Der Jubilar verf\u00fcgt zudem \u00fcber die Ausbildereignungspr\u00fcfung und leitet als solcher die Ausbildungsg\u00e4nge und Praktika innerhalb der K\u00fcche.<\/p>\n","protected":false},"excerpt":{"rendered":"<div class=\"tmnf_excerpt\"><p>Zum 20j\u00e4hrigen Dienstjubil\u00e4um des K\u00fcchenleiters Gangolf Hau gratulierten Heimbewohner, Ordensschwestern und Mitarbeiter des Alten- und Pflegeheims St. Katharina und der Tagespflege St. Josef, beides Einrichtungen in der Tr\u00e4gerschaft der Barmherzigen Schwestern vom Heiligen Vinzenz von Paul in Fulda. Heimleiter Oliver Krah w\u00fcrdigte den Jubilar in einer kleinen Feierstunde als langj\u00e4hrigen Mitarbeiter der Einrichtungen und \u201eMann &hellip;<\/p>\n<\/div>","protected":false},"author":1,"featured_media":135142,"comment_status":"closed","ping_status":"closed","sticky":false,"template":"","format":"standard","meta":{"footnotes":""},"categories":[1,37],"tags":[],"class_list":["post-135141","post","type-post","status-publish","format-standard","has-post-thumbnail","hentry","category-startseite","category-essen-und-trinken"],"_links":{"self":[{"href":"https:\/\/www.fuldaernachrichten.de\/index.php?rest_route=\/wp\/v2\/posts\/135141","targetHints":{"allow":["GET"]}}],"collection":[{"href":"https:\/\/www.fuldaernachrichten.de\/index.php?rest_route=\/wp\/v2\/posts"}],"about":[{"href":"https:\/\/www.fuldaernachrichten.de\/index.php?rest_route=\/wp\/v2\/types\/post"}],"author":[{"embeddable":true,"href":"https:\/\/www.fuldaernachrichten.de\/index.php?rest_route=\/wp\/v2\/users\/1"}],"replies":[{"embeddable":true,"href":"https:\/\/www.fuldaernachrichten.de\/index.php?rest_route=%2Fwp%2Fv2%2Fcomments&post=135141"}],"version-history":[{"count":1,"href":"https:\/\/www.fuldaernachrichten.de\/index.php?rest_route=\/wp\/v2\/posts\/135141\/revisions"}],"predecessor-version":[{"id":135143,"href":"https:\/\/www.fuldaernachrichten.de\/index.php?rest_route=\/wp\/v2\/posts\/135141\/revisions\/135143"}],"wp:featuredmedia":[{"embeddable":true,"href":"https:\/\/www.fuldaernachrichten.de\/index.php?rest_route=\/wp\/v2\/media\/135142"}],"wp:attachment":[{"href":"https:\/\/www.fuldaernachrichten.de\/index.php?rest_route=%2Fwp%2Fv2%2Fmedia&parent=135141"}],"wp:term":[{"taxonomy":"category","embeddable":true,"href":"https:\/\/www.fuldaernachrichten.de\/index.php?rest_route=%2Fwp%2Fv2%2Fcategories&post=135141"},{"taxonomy":"post_tag","embeddable":true,"href":"https:\/\/www.fuldaernachrichten.de\/index.php?rest_route=%2Fwp%2Fv2%2Ftags&post=135141"}],"curies":[{"name":"wp","href":"https:\/\/api.w.org\/{rel}","templated":true}]}}